{"id":198,"date":"2019-01-13T14:54:37","date_gmt":"2019-01-13T14:54:37","guid":{"rendered":"http:\/\/www.colocolofs.es\/web\/blog\/2019\/01\/13\/alfonso-rodriguez-estoy-muy-orgulloso-del-nivel-que-esta-mostrando-el-equipo\/"},"modified":"2020-04-11T15:59:48","modified_gmt":"2020-04-11T15:59:48","slug":"alfonso-rodriguez-estoy-muy-orgulloso-del-nivel-que-esta-mostrando-el-equipo","status":"publish","type":"post","link":"https:\/\/www.colocolofs.es\/web\/alfonso-rodriguez-estoy-muy-orgulloso-del-nivel-que-esta-mostrando-el-equipo\/","title":{"rendered":"Alfonso Rodr\u00edguez: \u00abEstoy muy orgulloso del nivel que est\u00e1 mostrando el equipo\u00bb"},"content":{"rendered":"<p class=\"text-align-justify\">El Colo lograba una victoria muy importante en Noia. Alfonso Rodr\u00edguez, t\u00e9cnico azul\u00f3n, reconoc\u00eda que esos tres puntos son \u00abun subid\u00f3n para el equipo\u00bb, a la vez que se mostraba \u00abmuy orgulloso del nivel que est\u00e1 mostrando el equipo\u00bb en los \u00faltimos encuentros.<\/p>\n<p class=\"text-align-justify\">Alfonso, defin\u00eda el duelo ante los gallegos como \u00abtrepidante e intenso\u00bb, considerando que han sido merecedores de la victoria.<\/p>\n","protected":false},"excerpt":{"rendered":"<p>El Colo lograba una victoria muy importante en Noia. Alfonso Rodr\u00edguez, t\u00e9cnico azul\u00f3n, reconoc\u00eda que esos tres puntos son \u00abun subid\u00f3n para el equipo\u00bb, a la vez que se mostraba \u00abmuy orgulloso del nivel que est\u00e1 mostrando el equipo\u00bb en los \u00faltimos encuentros. Alfonso, defin\u00eda el duelo ante los gallegos como \u00abtrepidante e intenso\u00bb, considerando [&hellip;]<\/p>\n","protected":false},"author":1,"featured_media":197,"comment_status":"open","ping_status":"open","sticky":false,"template":"","format":"standard","meta":{"_jetpack_feature_clip_id":0,"_jetpack_memberships_contains_paid_content":false,"footnotes":""},"categories":[5],"tags":[],"class_list":["post-198","post","type-post","status-publish","format-standard","has-post-thumbnail","hentry","category-primer-equipo"],"yoast_head":"<!-- This site is optimized with the Yoast SEO plugin v28.4 - https:\/\/yoast.com\/product\/yoast-seo-wordpress\/ -->\n<title>Alfonso Rodr\u00edguez: &quot;Estoy muy orgulloso del nivel que est\u00e1 mostrando el equipo&quot; - Entrerr\u00edos Automatizaci\u00f3n<\/title>\n<meta name=\"robots\" content=\"index, follow, max-snippet:-1, max-image-preview:large, max-video-preview:-1\" \/>\n<link rel=\"canonical\" href=\"https:\/\/www.colocolofs.es\/web\/alfonso-rodriguez-estoy-muy-orgulloso-del-nivel-que-esta-mostrando-el-equipo\/\" \/>\n<meta property=\"og:locale\" content=\"es_ES\" \/>\n<meta property=\"og:type\" content=\"article\" \/>\n<meta property=\"og:title\" content=\"Alfonso Rodr\u00edguez: &quot;Estoy muy orgulloso del nivel que est\u00e1 mostrando el equipo&quot; - Entrerr\u00edos Automatizaci\u00f3n\" \/>\n<meta property=\"og:description\" content=\"El Colo lograba una victoria muy importante en Noia. Alfonso Rodr\u00edguez, t\u00e9cnico azul\u00f3n, reconoc\u00eda que esos tres puntos son \u00abun subid\u00f3n para el equipo\u00bb, a la vez que se mostraba \u00abmuy orgulloso del nivel que est\u00e1 mostrando el equipo\u00bb en los \u00faltimos encuentros. Alfonso, defin\u00eda el duelo ante los gallegos como \u00abtrepidante e intenso\u00bb, considerando [&hellip;]\" \/>\n<meta property=\"og:url\" content=\"https:\/\/www.colocolofs.es\/web\/alfonso-rodriguez-estoy-muy-orgulloso-del-nivel-que-esta-mostrando-el-equipo\/\" \/>\n<meta property=\"og:site_name\" content=\"Entrerr\u00edos Automatizaci\u00f3n\" \/>\n<meta property=\"article:published_time\" content=\"2019-01-13T14:54:37+00:00\" \/>\n<meta property=\"article:modified_time\" content=\"2020-04-11T15:59:48+00:00\" \/>\n<meta property=\"og:image\" content=\"https:\/\/www.colocolofs.es\/web\/wp-content\/uploads\/2019\/01\/5.jpg\" \/>\n\t<meta property=\"og:image:width\" content=\"1000\" \/>\n\t<meta property=\"og:image:height\" content=\"667\" \/>\n\t<meta property=\"og:image:type\" content=\"image\/jpeg\" \/>\n<meta name=\"author\" content=\"admin\" \/>\n<meta name=\"twitter:card\" content=\"summary_large_image\" \/>\n<meta name=\"twitter:creator\" content=\"@entrerriosauto\" \/>\n<meta name=\"twitter:site\" content=\"@entrerriosauto\" \/>\n<meta name=\"twitter:label1\" content=\"Escrito por\" \/>\n\t<meta name=\"twitter:data1\" content=\"admin\" \/>\n<script type=\"application\/ld+json\" class=\"yoast-schema-graph\">{\"@context\":\"https:\\\/\\\/schema.org\",\"@graph\":[{\"@type\":\"Article\",\"@id\":\"https:\\\/\\\/www.colocolofs.es\\\/web\\\/alfonso-rodriguez-estoy-muy-orgulloso-del-nivel-que-esta-mostrando-el-equipo\\\/#article\",\"isPartOf\":{\"@id\":\"https:\\\/\\\/www.colocolofs.es\\\/web\\\/alfonso-rodriguez-estoy-muy-orgulloso-del-nivel-que-esta-mostrando-el-equipo\\\/\"},\"author\":{\"name\":\"admin\",\"@id\":\"https:\\\/\\\/www.colocolofs.es\\\/web\\\/#\\\/schema\\\/person\\\/1be91002ad639bd282f9d860b6eb7584\"},\"headline\":\"Alfonso Rodr\u00edguez: \u00abEstoy muy orgulloso del nivel que est\u00e1 mostrando el equipo\u00bb\",\"datePublished\":\"2019-01-13T14:54:37+00:00\",\"dateModified\":\"2020-04-11T15:59:48+00:00\",\"mainEntityOfPage\":{\"@id\":\"https:\\\/\\\/www.colocolofs.es\\\/web\\\/alfonso-rodriguez-estoy-muy-orgulloso-del-nivel-que-esta-mostrando-el-equipo\\\/\"},\"wordCount\":81,\"commentCount\":0,\"publisher\":{\"@id\":\"https:\\\/\\\/www.colocolofs.es\\\/web\\\/#organization\"},\"image\":{\"@id\":\"https:\\\/\\\/www.colocolofs.es\\\/web\\\/alfonso-rodriguez-estoy-muy-orgulloso-del-nivel-que-esta-mostrando-el-equipo\\\/#primaryimage\"},\"thumbnailUrl\":\"https:\\\/\\\/www.colocolofs.es\\\/web\\\/wp-content\\\/uploads\\\/2019\\\/01\\\/5.jpg\",\"articleSection\":[\"SEGUNDA DIV. MASCULINO\"],\"inLanguage\":\"es\",\"potentialAction\":[{\"@type\":\"CommentAction\",\"name\":\"Comment\",\"target\":[\"https:\\\/\\\/www.colocolofs.es\\\/web\\\/alfonso-rodriguez-estoy-muy-orgulloso-del-nivel-que-esta-mostrando-el-equipo\\\/#respond\"]}]},{\"@type\":\"WebPage\",\"@id\":\"https:\\\/\\\/www.colocolofs.es\\\/web\\\/alfonso-rodriguez-estoy-muy-orgulloso-del-nivel-que-esta-mostrando-el-equipo\\\/\",\"url\":\"https:\\\/\\\/www.colocolofs.es\\\/web\\\/alfonso-rodriguez-estoy-muy-orgulloso-del-nivel-que-esta-mostrando-el-equipo\\\/\",\"name\":\"Alfonso Rodr\u00edguez: \\\"Estoy muy orgulloso del nivel que est\u00e1 mostrando el equipo\\\" - Entrerr\u00edos Automatizaci\u00f3n\",\"isPartOf\":{\"@id\":\"https:\\\/\\\/www.colocolofs.es\\\/web\\\/#website\"},\"primaryImageOfPage\":{\"@id\":\"https:\\\/\\\/www.colocolofs.es\\\/web\\\/alfonso-rodriguez-estoy-muy-orgulloso-del-nivel-que-esta-mostrando-el-equipo\\\/#primaryimage\"},\"image\":{\"@id\":\"https:\\\/\\\/www.colocolofs.es\\\/web\\\/alfonso-rodriguez-estoy-muy-orgulloso-del-nivel-que-esta-mostrando-el-equipo\\\/#primaryimage\"},\"thumbnailUrl\":\"https:\\\/\\\/www.colocolofs.es\\\/web\\\/wp-content\\\/uploads\\\/2019\\\/01\\\/5.jpg\",\"datePublished\":\"2019-01-13T14:54:37+00:00\",\"dateModified\":\"2020-04-11T15:59:48+00:00\",\"breadcrumb\":{\"@id\":\"https:\\\/\\\/www.colocolofs.es\\\/web\\\/alfonso-rodriguez-estoy-muy-orgulloso-del-nivel-que-esta-mostrando-el-equipo\\\/#breadcrumb\"},\"inLanguage\":\"es\",\"potentialAction\":[{\"@type\":\"ReadAction\",\"target\":[\"https:\\\/\\\/www.colocolofs.es\\\/web\\\/alfonso-rodriguez-estoy-muy-orgulloso-del-nivel-que-esta-mostrando-el-equipo\\\/\"]}]},{\"@type\":\"ImageObject\",\"inLanguage\":\"es\",\"@id\":\"https:\\\/\\\/www.colocolofs.es\\\/web\\\/alfonso-rodriguez-estoy-muy-orgulloso-del-nivel-que-esta-mostrando-el-equipo\\\/#primaryimage\",\"url\":\"https:\\\/\\\/www.colocolofs.es\\\/web\\\/wp-content\\\/uploads\\\/2019\\\/01\\\/5.jpg\",\"contentUrl\":\"https:\\\/\\\/www.colocolofs.es\\\/web\\\/wp-content\\\/uploads\\\/2019\\\/01\\\/5.jpg\",\"width\":1000,\"height\":667,\"caption\":\"equipo\"},{\"@type\":\"BreadcrumbList\",\"@id\":\"https:\\\/\\\/www.colocolofs.es\\\/web\\\/alfonso-rodriguez-estoy-muy-orgulloso-del-nivel-que-esta-mostrando-el-equipo\\\/#breadcrumb\",\"itemListElement\":[{\"@type\":\"ListItem\",\"position\":1,\"name\":\"Portada\",\"item\":\"https:\\\/\\\/www.colocolofs.es\\\/web\\\/\"},{\"@type\":\"ListItem\",\"position\":2,\"name\":\"Alfonso Rodr\u00edguez: \u00abEstoy muy orgulloso del nivel que est\u00e1 mostrando el equipo\u00bb\"}]},{\"@type\":\"WebSite\",\"@id\":\"https:\\\/\\\/www.colocolofs.es\\\/web\\\/#website\",\"url\":\"https:\\\/\\\/www.colocolofs.es\\\/web\\\/\",\"name\":\"Entrerr\u00edos Automatizaci\u00f3n\",\"description\":\"Web oficial\",\"publisher\":{\"@id\":\"https:\\\/\\\/www.colocolofs.es\\\/web\\\/#organization\"},\"potentialAction\":[{\"@type\":\"SearchAction\",\"target\":{\"@type\":\"EntryPoint\",\"urlTemplate\":\"https:\\\/\\\/www.colocolofs.es\\\/web\\\/?s={search_term_string}\"},\"query-input\":{\"@type\":\"PropertyValueSpecification\",\"valueRequired\":true,\"valueName\":\"search_term_string\"}}],\"inLanguage\":\"es\"},{\"@type\":\"Organization\",\"@id\":\"https:\\\/\\\/www.colocolofs.es\\\/web\\\/#organization\",\"name\":\"Entrerr\u00edos Automatizaci\u00f3n\",\"url\":\"https:\\\/\\\/www.colocolofs.es\\\/web\\\/\",\"logo\":{\"@type\":\"ImageObject\",\"inLanguage\":\"es\",\"@id\":\"https:\\\/\\\/www.colocolofs.es\\\/web\\\/#\\\/schema\\\/logo\\\/image\\\/\",\"url\":\"https:\\\/\\\/www.colocolofs.es\\\/web\\\/wp-content\\\/uploads\\\/2026\\\/07\\\/Escudo-fondo-blanco.jpg\",\"contentUrl\":\"https:\\\/\\\/www.colocolofs.es\\\/web\\\/wp-content\\\/uploads\\\/2026\\\/07\\\/Escudo-fondo-blanco.jpg\",\"width\":477,\"height\":486,\"caption\":\"Entrerr\u00edos Automatizaci\u00f3n\"},\"image\":{\"@id\":\"https:\\\/\\\/www.colocolofs.es\\\/web\\\/#\\\/schema\\\/logo\\\/image\\\/\"},\"sameAs\":[\"https:\\\/\\\/x.com\\\/entrerriosauto\",\"https:\\\/\\\/www.instagram.com\\\/entrerriosautomatizacion\\\/\"]},{\"@type\":\"Person\",\"@id\":\"https:\\\/\\\/www.colocolofs.es\\\/web\\\/#\\\/schema\\\/person\\\/1be91002ad639bd282f9d860b6eb7584\",\"name\":\"admin\",\"url\":\"https:\\\/\\\/www.colocolofs.es\\\/web\\\/author\\\/admin\\\/\"}]}<\/script>\n<!-- \/ Yoast SEO plugin. -->","yoast_head_json":{"title":"Alfonso Rodr\u00edguez: \"Estoy muy orgulloso del nivel que est\u00e1 mostrando el equipo\" - Entrerr\u00edos Automatizaci\u00f3n","robots":{"index":"index","follow":"follow","max-snippet":"max-snippet:-1","max-image-preview":"max-image-preview:large","max-video-preview":"max-video-preview:-1"},"canonical":"https:\/\/www.colocolofs.es\/web\/alfonso-rodriguez-estoy-muy-orgulloso-del-nivel-que-esta-mostrando-el-equipo\/","og_locale":"es_ES","og_type":"article","og_title":"Alfonso Rodr\u00edguez: \"Estoy muy orgulloso del nivel que est\u00e1 mostrando el equipo\" - Entrerr\u00edos Automatizaci\u00f3n","og_description":"El Colo lograba una victoria muy importante en Noia. Alfonso Rodr\u00edguez, t\u00e9cnico azul\u00f3n, reconoc\u00eda que esos tres puntos son \u00abun subid\u00f3n para el equipo\u00bb, a la vez que se mostraba \u00abmuy orgulloso del nivel que est\u00e1 mostrando el equipo\u00bb en los \u00faltimos encuentros. Alfonso, defin\u00eda el duelo ante los gallegos como \u00abtrepidante e intenso\u00bb, considerando [&hellip;]","og_url":"https:\/\/www.colocolofs.es\/web\/alfonso-rodriguez-estoy-muy-orgulloso-del-nivel-que-esta-mostrando-el-equipo\/","og_site_name":"Entrerr\u00edos Automatizaci\u00f3n","article_published_time":"2019-01-13T14:54:37+00:00","article_modified_time":"2020-04-11T15:59:48+00:00","og_image":[{"width":1000,"height":667,"url":"https:\/\/www.colocolofs.es\/web\/wp-content\/uploads\/2019\/01\/5.jpg","type":"image\/jpeg"}],"author":"admin","twitter_card":"summary_large_image","twitter_creator":"@entrerriosauto","twitter_site":"@entrerriosauto","twitter_misc":{"Escrito por":"admin"},"schema":{"@context":"https:\/\/schema.org","@graph":[{"@type":"Article","@id":"https:\/\/www.colocolofs.es\/web\/alfonso-rodriguez-estoy-muy-orgulloso-del-nivel-que-esta-mostrando-el-equipo\/#article","isPartOf":{"@id":"https:\/\/www.colocolofs.es\/web\/alfonso-rodriguez-estoy-muy-orgulloso-del-nivel-que-esta-mostrando-el-equipo\/"},"author":{"name":"admin","@id":"https:\/\/www.colocolofs.es\/web\/#\/schema\/person\/1be91002ad639bd282f9d860b6eb7584"},"headline":"Alfonso Rodr\u00edguez: \u00abEstoy muy orgulloso del nivel que est\u00e1 mostrando el equipo\u00bb","datePublished":"2019-01-13T14:54:37+00:00","dateModified":"2020-04-11T15:59:48+00:00","mainEntityOfPage":{"@id":"https:\/\/www.colocolofs.es\/web\/alfonso-rodriguez-estoy-muy-orgulloso-del-nivel-que-esta-mostrando-el-equipo\/"},"wordCount":81,"commentCount":0,"publisher":{"@id":"https:\/\/www.colocolofs.es\/web\/#organization"},"image":{"@id":"https:\/\/www.colocolofs.es\/web\/alfonso-rodriguez-estoy-muy-orgulloso-del-nivel-que-esta-mostrando-el-equipo\/#primaryimage"},"thumbnailUrl":"https:\/\/www.colocolofs.es\/web\/wp-content\/uploads\/2019\/01\/5.jpg","articleSection":["SEGUNDA DIV. MASCULINO"],"inLanguage":"es","potentialAction":[{"@type":"CommentAction","name":"Comment","target":["https:\/\/www.colocolofs.es\/web\/alfonso-rodriguez-estoy-muy-orgulloso-del-nivel-que-esta-mostrando-el-equipo\/#respond"]}]},{"@type":"WebPage","@id":"https:\/\/www.colocolofs.es\/web\/alfonso-rodriguez-estoy-muy-orgulloso-del-nivel-que-esta-mostrando-el-equipo\/","url":"https:\/\/www.colocolofs.es\/web\/alfonso-rodriguez-estoy-muy-orgulloso-del-nivel-que-esta-mostrando-el-equipo\/","name":"Alfonso Rodr\u00edguez: \"Estoy muy orgulloso del nivel que est\u00e1 mostrando el equipo\" - Entrerr\u00edos Automatizaci\u00f3n","isPartOf":{"@id":"https:\/\/www.colocolofs.es\/web\/#website"},"primaryImageOfPage":{"@id":"https:\/\/www.colocolofs.es\/web\/alfonso-rodriguez-estoy-muy-orgulloso-del-nivel-que-esta-mostrando-el-equipo\/#primaryimage"},"image":{"@id":"https:\/\/www.colocolofs.es\/web\/alfonso-rodriguez-estoy-muy-orgulloso-del-nivel-que-esta-mostrando-el-equipo\/#primaryimage"},"thumbnailUrl":"https:\/\/www.colocolofs.es\/web\/wp-content\/uploads\/2019\/01\/5.jpg","datePublished":"2019-01-13T14:54:37+00:00","dateModified":"2020-04-11T15:59:48+00:00","breadcrumb":{"@id":"https:\/\/www.colocolofs.es\/web\/alfonso-rodriguez-estoy-muy-orgulloso-del-nivel-que-esta-mostrando-el-equipo\/#breadcrumb"},"inLanguage":"es","potentialAction":[{"@type":"ReadAction","target":["https:\/\/www.colocolofs.es\/web\/alfonso-rodriguez-estoy-muy-orgulloso-del-nivel-que-esta-mostrando-el-equipo\/"]}]},{"@type":"ImageObject","inLanguage":"es","@id":"https:\/\/www.colocolofs.es\/web\/alfonso-rodriguez-estoy-muy-orgulloso-del-nivel-que-esta-mostrando-el-equipo\/#primaryimage","url":"https:\/\/www.colocolofs.es\/web\/wp-content\/uploads\/2019\/01\/5.jpg","contentUrl":"https:\/\/www.colocolofs.es\/web\/wp-content\/uploads\/2019\/01\/5.jpg","width":1000,"height":667,"caption":"equipo"},{"@type":"BreadcrumbList","@id":"https:\/\/www.colocolofs.es\/web\/alfonso-rodriguez-estoy-muy-orgulloso-del-nivel-que-esta-mostrando-el-equipo\/#breadcrumb","itemListElement":[{"@type":"ListItem","position":1,"name":"Portada","item":"https:\/\/www.colocolofs.es\/web\/"},{"@type":"ListItem","position":2,"name":"Alfonso Rodr\u00edguez: \u00abEstoy muy orgulloso del nivel que est\u00e1 mostrando el equipo\u00bb"}]},{"@type":"WebSite","@id":"https:\/\/www.colocolofs.es\/web\/#website","url":"https:\/\/www.colocolofs.es\/web\/","name":"Entrerr\u00edos Automatizaci\u00f3n","description":"Web oficial","publisher":{"@id":"https:\/\/www.colocolofs.es\/web\/#organization"},"potentialAction":[{"@type":"SearchAction","target":{"@type":"EntryPoint","urlTemplate":"https:\/\/www.colocolofs.es\/web\/?s={search_term_string}"},"query-input":{"@type":"PropertyValueSpecification","valueRequired":true,"valueName":"search_term_string"}}],"inLanguage":"es"},{"@type":"Organization","@id":"https:\/\/www.colocolofs.es\/web\/#organization","name":"Entrerr\u00edos Automatizaci\u00f3n","url":"https:\/\/www.colocolofs.es\/web\/","logo":{"@type":"ImageObject","inLanguage":"es","@id":"https:\/\/www.colocolofs.es\/web\/#\/schema\/logo\/image\/","url":"https:\/\/www.colocolofs.es\/web\/wp-content\/uploads\/2026\/07\/Escudo-fondo-blanco.jpg","contentUrl":"https:\/\/www.colocolofs.es\/web\/wp-content\/uploads\/2026\/07\/Escudo-fondo-blanco.jpg","width":477,"height":486,"caption":"Entrerr\u00edos Automatizaci\u00f3n"},"image":{"@id":"https:\/\/www.colocolofs.es\/web\/#\/schema\/logo\/image\/"},"sameAs":["https:\/\/x.com\/entrerriosauto","https:\/\/www.instagram.com\/entrerriosautomatizacion\/"]},{"@type":"Person","@id":"https:\/\/www.colocolofs.es\/web\/#\/schema\/person\/1be91002ad639bd282f9d860b6eb7584","name":"admin","url":"https:\/\/www.colocolofs.es\/web\/author\/admin\/"}]}},"jetpack_sharing_enabled":true,"jetpack_featured_media_url":"https:\/\/www.colocolofs.es\/web\/wp-content\/uploads\/2019\/01\/5.jpg","_links":{"self":[{"href":"https:\/\/www.colocolofs.es\/web\/wp-json\/wp\/v2\/posts\/198","targetHints":{"allow":["GET"]}}],"collection":[{"href":"https:\/\/www.colocolofs.es\/web\/wp-json\/wp\/v2\/posts"}],"about":[{"href":"https:\/\/www.colocolofs.es\/web\/wp-json\/wp\/v2\/types\/post"}],"author":[{"embeddable":true,"href":"https:\/\/www.colocolofs.es\/web\/wp-json\/wp\/v2\/users\/1"}],"replies":[{"embeddable":true,"href":"https:\/\/www.colocolofs.es\/web\/wp-json\/wp\/v2\/comments?post=198"}],"version-history":[{"count":0,"href":"https:\/\/www.colocolofs.es\/web\/wp-json\/wp\/v2\/posts\/198\/revisions"}],"wp:featuredmedia":[{"embeddable":true,"href":"https:\/\/www.colocolofs.es\/web\/wp-json\/wp\/v2\/media\/197"}],"wp:attachment":[{"href":"https:\/\/www.colocolofs.es\/web\/wp-json\/wp\/v2\/media?parent=198"}],"wp:term":[{"taxonomy":"category","embeddable":true,"href":"https:\/\/www.colocolofs.es\/web\/wp-json\/wp\/v2\/categories?post=198"},{"taxonomy":"post_tag","embeddable":true,"href":"https:\/\/www.colocolofs.es\/web\/wp-json\/wp\/v2\/tags?post=198"}],"curies":[{"name":"wp","href":"https:\/\/api.w.org\/{rel}","templated":true}]}}