{"id":214,"date":"2019-01-18T22:40:02","date_gmt":"2019-01-18T22:40:02","guid":{"rendered":"http:\/\/www.colocolofs.es\/web\/blog\/2019\/01\/18\/el-colo-recibe-al-elche-con-la-permanencia-en-el-horizonte\/"},"modified":"2020-04-11T15:59:02","modified_gmt":"2020-04-11T15:59:02","slug":"el-colo-recibe-al-elche-con-la-permanencia-en-el-horizonte","status":"publish","type":"post","link":"https:\/\/www.colocolofs.es\/web\/el-colo-recibe-al-elche-con-la-permanencia-en-el-horizonte\/","title":{"rendered":"El Colo recibe al Elche con la permanencia en el horizonte"},"content":{"rendered":"<p>La Granja acoger\u00e1 uno de los partidos de la jornada 17 de la Segunda Divisi\u00f3n, que enfrentar\u00e1 al Colo Colo Zaragoza y al Axa Hita Port Elche CF. La cita ser\u00e1 el domingo 20 de enero a partir de las 12:30 horas.<\/p>\n<p><meta charset=\"utf-8\" \/><\/p>\n<p class=\"text-align-justify\" dir=\"ltr\"><strong>El Colo recibe al equipo ilicitano con la permanencia en el horizonte, tras sumar seis de los \u00faltimos nueve puntos en juego<\/strong>. Los azulones lograron vencer en su \u00faltimo encuentro en La Granja, en un gran partido ante Soliss FS Talavera que se acabaron llevando por 8-4. Despu\u00e9s, se perdi\u00f3 de forma cruel en C\u00f3rdoba. Pero el inicio del 2019 no pudo ser mejor: El Colo visitaba al Noia Portus Apostoli, un rival directo en la lucha por salir de abajo y al que derrot\u00f3 por un ajustado 5-6.<\/p>\n<p class=\"text-align-justify\" dir=\"ltr\"><strong>Esas dos victorias han permitido al Colo situarse con 15 puntos en la tabla, tres menos que su rival este fin de semana<\/strong>. Por lo tanto, una nuevo triunfo permitir\u00eda al Colo seguir acerc\u00e1ndose a esa ansiada permanencia.<\/p>\n<p class=\"text-align-justify\" dir=\"ltr\">Alfonso Rodr\u00edguez, valora de forma \u201cmuy positiva\u201d las sensaciones que transmite su equipo, y se muestra convencido de que \u201cen esta segunda vuelta vamos a crecer, ya que los errores individuales est\u00e1n desapareciendo y mostramos una gran capacidad goleadora en todos los partidos\u201d.<\/p>\n<p class=\"text-align-justify\" dir=\"ltr\">El t\u00e9cnico del Colo, define al Elche como \u201cun equipo que comenz\u00f3 bien y, poco a poco, ha ido perdiendo gas\u201d. Por ello, define el encuentro ante los franjiverdes como \u201cmuy importante, como todos los que quedan\u201d.<\/p>\n<p class=\"text-align-justify\" dir=\"ltr\"><strong>El Elche llega a La Granja con una din\u00e1mica de resultados preocupante <\/strong>y que le ha llevado a situarse en la parte baja de la tabla.<strong> Los jugadores que dirige Carlos S\u00e1nchez han perdido seis de los \u00faltimos siete duelos que han jugado<\/strong>. En el mercado invernal de fichajes, <strong>se han reforzado con Yandr<\/strong>i, procedente del Uni\u00f3n \u00c1frica Ceut\u00ed de Segunda Divisi\u00f3n \u2018B\u2019.<\/p>\n<p class=\"text-align-justify\" dir=\"ltr\"><strong>Convocatoria Colo Colo Zaragoza: <\/strong>Diego, Fran, Muniesa, Mese, Zucho, V\u00edctor B., Pasam\u00f3n, Guille, Basmalis, Sampe, Carlos Garc\u00eda y Trasobares.<\/p>\n","protected":false},"excerpt":{"rendered":"<p>La Granja acoger\u00e1 uno de los partidos de la jornada 17 de la Segunda Divisi\u00f3n, que enfrentar\u00e1 al Colo Colo Zaragoza y al Axa Hita Port Elche CF. La cita ser\u00e1 el domingo 20 de enero a partir de las 12:30 horas. El Colo recibe al equipo ilicitano con la permanencia en el horizonte, tras [&hellip;]<\/p>\n","protected":false},"author":1,"featured_media":213,"comment_status":"open","ping_status":"open","sticky":false,"template":"","format":"standard","meta":{"_jetpack_feature_clip_id":0,"_jetpack_memberships_contains_paid_content":false,"footnotes":""},"categories":[5],"tags":[],"class_list":["post-214","post","type-post","status-publish","format-standard","has-post-thumbnail","hentry","category-primer-equipo"],"yoast_head":"<!-- This site is optimized with the Yoast SEO plugin v28.4 - https:\/\/yoast.com\/product\/yoast-seo-wordpress\/ -->\n<title>El Colo recibe al Elche con la permanencia en el horizonte - Entrerr\u00edos Automatizaci\u00f3n<\/title>\n<meta name=\"robots\" content=\"index, follow, max-snippet:-1, max-image-preview:large, max-video-preview:-1\" \/>\n<link rel=\"canonical\" href=\"https:\/\/www.colocolofs.es\/web\/el-colo-recibe-al-elche-con-la-permanencia-en-el-horizonte\/\" \/>\n<meta property=\"og:locale\" content=\"es_ES\" \/>\n<meta property=\"og:type\" content=\"article\" \/>\n<meta property=\"og:title\" content=\"El Colo recibe al Elche con la permanencia en el horizonte - Entrerr\u00edos Automatizaci\u00f3n\" \/>\n<meta property=\"og:description\" content=\"La Granja acoger\u00e1 uno de los partidos de la jornada 17 de la Segunda Divisi\u00f3n, que enfrentar\u00e1 al Colo Colo Zaragoza y al Axa Hita Port Elche CF. La cita ser\u00e1 el domingo 20 de enero a partir de las 12:30 horas. El Colo recibe al equipo ilicitano con la permanencia en el horizonte, tras [&hellip;]\" \/>\n<meta property=\"og:url\" content=\"https:\/\/www.colocolofs.es\/web\/el-colo-recibe-al-elche-con-la-permanencia-en-el-horizonte\/\" \/>\n<meta property=\"og:site_name\" content=\"Entrerr\u00edos Automatizaci\u00f3n\" \/>\n<meta property=\"article:published_time\" content=\"2019-01-18T22:40:02+00:00\" \/>\n<meta property=\"article:modified_time\" content=\"2020-04-11T15:59:02+00:00\" \/>\n<meta property=\"og:image\" content=\"https:\/\/www.colocolofs.es\/web\/wp-content\/uploads\/2019\/01\/previa-web.jpg\" \/>\n\t<meta property=\"og:image:width\" content=\"1200\" \/>\n\t<meta property=\"og:image:height\" content=\"492\" \/>\n\t<meta property=\"og:image:type\" content=\"image\/jpeg\" \/>\n<meta name=\"author\" content=\"admin\" \/>\n<meta name=\"twitter:card\" content=\"summary_large_image\" \/>\n<meta name=\"twitter:creator\" content=\"@entrerriosauto\" \/>\n<meta name=\"twitter:site\" content=\"@entrerriosauto\" \/>\n<meta name=\"twitter:label1\" content=\"Escrito por\" \/>\n\t<meta name=\"twitter:data1\" content=\"admin\" \/>\n\t<meta name=\"twitter:label2\" content=\"Tiempo de lectura\" \/>\n\t<meta name=\"twitter:data2\" content=\"2 minutos\" \/>\n<script type=\"application\/ld+json\" class=\"yoast-schema-graph\">{\"@context\":\"https:\\\/\\\/schema.org\",\"@graph\":[{\"@type\":\"Article\",\"@id\":\"https:\\\/\\\/www.colocolofs.es\\\/web\\\/el-colo-recibe-al-elche-con-la-permanencia-en-el-horizonte\\\/#article\",\"isPartOf\":{\"@id\":\"https:\\\/\\\/www.colocolofs.es\\\/web\\\/el-colo-recibe-al-elche-con-la-permanencia-en-el-horizonte\\\/\"},\"author\":{\"name\":\"admin\",\"@id\":\"https:\\\/\\\/www.colocolofs.es\\\/web\\\/#\\\/schema\\\/person\\\/1be91002ad639bd282f9d860b6eb7584\"},\"headline\":\"El Colo recibe al Elche con la permanencia en el horizonte\",\"datePublished\":\"2019-01-18T22:40:02+00:00\",\"dateModified\":\"2020-04-11T15:59:02+00:00\",\"mainEntityOfPage\":{\"@id\":\"https:\\\/\\\/www.colocolofs.es\\\/web\\\/el-colo-recibe-al-elche-con-la-permanencia-en-el-horizonte\\\/\"},\"wordCount\":352,\"commentCount\":0,\"publisher\":{\"@id\":\"https:\\\/\\\/www.colocolofs.es\\\/web\\\/#organization\"},\"image\":{\"@id\":\"https:\\\/\\\/www.colocolofs.es\\\/web\\\/el-colo-recibe-al-elche-con-la-permanencia-en-el-horizonte\\\/#primaryimage\"},\"thumbnailUrl\":\"https:\\\/\\\/www.colocolofs.es\\\/web\\\/wp-content\\\/uploads\\\/2019\\\/01\\\/previa-web.jpg\",\"articleSection\":[\"SEGUNDA DIV. MASCULINO\"],\"inLanguage\":\"es\",\"potentialAction\":[{\"@type\":\"CommentAction\",\"name\":\"Comment\",\"target\":[\"https:\\\/\\\/www.colocolofs.es\\\/web\\\/el-colo-recibe-al-elche-con-la-permanencia-en-el-horizonte\\\/#respond\"]}]},{\"@type\":\"WebPage\",\"@id\":\"https:\\\/\\\/www.colocolofs.es\\\/web\\\/el-colo-recibe-al-elche-con-la-permanencia-en-el-horizonte\\\/\",\"url\":\"https:\\\/\\\/www.colocolofs.es\\\/web\\\/el-colo-recibe-al-elche-con-la-permanencia-en-el-horizonte\\\/\",\"name\":\"El Colo recibe al Elche con la permanencia en el horizonte - Entrerr\u00edos Automatizaci\u00f3n\",\"isPartOf\":{\"@id\":\"https:\\\/\\\/www.colocolofs.es\\\/web\\\/#website\"},\"primaryImageOfPage\":{\"@id\":\"https:\\\/\\\/www.colocolofs.es\\\/web\\\/el-colo-recibe-al-elche-con-la-permanencia-en-el-horizonte\\\/#primaryimage\"},\"image\":{\"@id\":\"https:\\\/\\\/www.colocolofs.es\\\/web\\\/el-colo-recibe-al-elche-con-la-permanencia-en-el-horizonte\\\/#primaryimage\"},\"thumbnailUrl\":\"https:\\\/\\\/www.colocolofs.es\\\/web\\\/wp-content\\\/uploads\\\/2019\\\/01\\\/previa-web.jpg\",\"datePublished\":\"2019-01-18T22:40:02+00:00\",\"dateModified\":\"2020-04-11T15:59:02+00:00\",\"breadcrumb\":{\"@id\":\"https:\\\/\\\/www.colocolofs.es\\\/web\\\/el-colo-recibe-al-elche-con-la-permanencia-en-el-horizonte\\\/#breadcrumb\"},\"inLanguage\":\"es\",\"potentialAction\":[{\"@type\":\"ReadAction\",\"target\":[\"https:\\\/\\\/www.colocolofs.es\\\/web\\\/el-colo-recibe-al-elche-con-la-permanencia-en-el-horizonte\\\/\"]}]},{\"@type\":\"ImageObject\",\"inLanguage\":\"es\",\"@id\":\"https:\\\/\\\/www.colocolofs.es\\\/web\\\/el-colo-recibe-al-elche-con-la-permanencia-en-el-horizonte\\\/#primaryimage\",\"url\":\"https:\\\/\\\/www.colocolofs.es\\\/web\\\/wp-content\\\/uploads\\\/2019\\\/01\\\/previa-web.jpg\",\"contentUrl\":\"https:\\\/\\\/www.colocolofs.es\\\/web\\\/wp-content\\\/uploads\\\/2019\\\/01\\\/previa-web.jpg\",\"width\":1200,\"height\":492,\"caption\":\"El Colo, a certificar la permanencia\"},{\"@type\":\"BreadcrumbList\",\"@id\":\"https:\\\/\\\/www.colocolofs.es\\\/web\\\/el-colo-recibe-al-elche-con-la-permanencia-en-el-horizonte\\\/#breadcrumb\",\"itemListElement\":[{\"@type\":\"ListItem\",\"position\":1,\"name\":\"Portada\",\"item\":\"https:\\\/\\\/www.colocolofs.es\\\/web\\\/\"},{\"@type\":\"ListItem\",\"position\":2,\"name\":\"El Colo recibe al Elche con la permanencia en el horizonte\"}]},{\"@type\":\"WebSite\",\"@id\":\"https:\\\/\\\/www.colocolofs.es\\\/web\\\/#website\",\"url\":\"https:\\\/\\\/www.colocolofs.es\\\/web\\\/\",\"name\":\"Entrerr\u00edos Automatizaci\u00f3n\",\"description\":\"Web oficial\",\"publisher\":{\"@id\":\"https:\\\/\\\/www.colocolofs.es\\\/web\\\/#organization\"},\"potentialAction\":[{\"@type\":\"SearchAction\",\"target\":{\"@type\":\"EntryPoint\",\"urlTemplate\":\"https:\\\/\\\/www.colocolofs.es\\\/web\\\/?s={search_term_string}\"},\"query-input\":{\"@type\":\"PropertyValueSpecification\",\"valueRequired\":true,\"valueName\":\"search_term_string\"}}],\"inLanguage\":\"es\"},{\"@type\":\"Organization\",\"@id\":\"https:\\\/\\\/www.colocolofs.es\\\/web\\\/#organization\",\"name\":\"Entrerr\u00edos Automatizaci\u00f3n\",\"url\":\"https:\\\/\\\/www.colocolofs.es\\\/web\\\/\",\"logo\":{\"@type\":\"ImageObject\",\"inLanguage\":\"es\",\"@id\":\"https:\\\/\\\/www.colocolofs.es\\\/web\\\/#\\\/schema\\\/logo\\\/image\\\/\",\"url\":\"https:\\\/\\\/www.colocolofs.es\\\/web\\\/wp-content\\\/uploads\\\/2026\\\/07\\\/Escudo-fondo-blanco.jpg\",\"contentUrl\":\"https:\\\/\\\/www.colocolofs.es\\\/web\\\/wp-content\\\/uploads\\\/2026\\\/07\\\/Escudo-fondo-blanco.jpg\",\"width\":477,\"height\":486,\"caption\":\"Entrerr\u00edos Automatizaci\u00f3n\"},\"image\":{\"@id\":\"https:\\\/\\\/www.colocolofs.es\\\/web\\\/#\\\/schema\\\/logo\\\/image\\\/\"},\"sameAs\":[\"https:\\\/\\\/x.com\\\/entrerriosauto\",\"https:\\\/\\\/www.instagram.com\\\/entrerriosautomatizacion\\\/\"]},{\"@type\":\"Person\",\"@id\":\"https:\\\/\\\/www.colocolofs.es\\\/web\\\/#\\\/schema\\\/person\\\/1be91002ad639bd282f9d860b6eb7584\",\"name\":\"admin\",\"url\":\"https:\\\/\\\/www.colocolofs.es\\\/web\\\/author\\\/admin\\\/\"}]}<\/script>\n<!-- \/ Yoast SEO plugin. -->","yoast_head_json":{"title":"El Colo recibe al Elche con la permanencia en el horizonte - Entrerr\u00edos Automatizaci\u00f3n","robots":{"index":"index","follow":"follow","max-snippet":"max-snippet:-1","max-image-preview":"max-image-preview:large","max-video-preview":"max-video-preview:-1"},"canonical":"https:\/\/www.colocolofs.es\/web\/el-colo-recibe-al-elche-con-la-permanencia-en-el-horizonte\/","og_locale":"es_ES","og_type":"article","og_title":"El Colo recibe al Elche con la permanencia en el horizonte - Entrerr\u00edos Automatizaci\u00f3n","og_description":"La Granja acoger\u00e1 uno de los partidos de la jornada 17 de la Segunda Divisi\u00f3n, que enfrentar\u00e1 al Colo Colo Zaragoza y al Axa Hita Port Elche CF. La cita ser\u00e1 el domingo 20 de enero a partir de las 12:30 horas. El Colo recibe al equipo ilicitano con la permanencia en el horizonte, tras [&hellip;]","og_url":"https:\/\/www.colocolofs.es\/web\/el-colo-recibe-al-elche-con-la-permanencia-en-el-horizonte\/","og_site_name":"Entrerr\u00edos Automatizaci\u00f3n","article_published_time":"2019-01-18T22:40:02+00:00","article_modified_time":"2020-04-11T15:59:02+00:00","og_image":[{"width":1200,"height":492,"url":"https:\/\/www.colocolofs.es\/web\/wp-content\/uploads\/2019\/01\/previa-web.jpg","type":"image\/jpeg"}],"author":"admin","twitter_card":"summary_large_image","twitter_creator":"@entrerriosauto","twitter_site":"@entrerriosauto","twitter_misc":{"Escrito por":"admin","Tiempo de lectura":"2 minutos"},"schema":{"@context":"https:\/\/schema.org","@graph":[{"@type":"Article","@id":"https:\/\/www.colocolofs.es\/web\/el-colo-recibe-al-elche-con-la-permanencia-en-el-horizonte\/#article","isPartOf":{"@id":"https:\/\/www.colocolofs.es\/web\/el-colo-recibe-al-elche-con-la-permanencia-en-el-horizonte\/"},"author":{"name":"admin","@id":"https:\/\/www.colocolofs.es\/web\/#\/schema\/person\/1be91002ad639bd282f9d860b6eb7584"},"headline":"El Colo recibe al Elche con la permanencia en el horizonte","datePublished":"2019-01-18T22:40:02+00:00","dateModified":"2020-04-11T15:59:02+00:00","mainEntityOfPage":{"@id":"https:\/\/www.colocolofs.es\/web\/el-colo-recibe-al-elche-con-la-permanencia-en-el-horizonte\/"},"wordCount":352,"commentCount":0,"publisher":{"@id":"https:\/\/www.colocolofs.es\/web\/#organization"},"image":{"@id":"https:\/\/www.colocolofs.es\/web\/el-colo-recibe-al-elche-con-la-permanencia-en-el-horizonte\/#primaryimage"},"thumbnailUrl":"https:\/\/www.colocolofs.es\/web\/wp-content\/uploads\/2019\/01\/previa-web.jpg","articleSection":["SEGUNDA DIV. MASCULINO"],"inLanguage":"es","potentialAction":[{"@type":"CommentAction","name":"Comment","target":["https:\/\/www.colocolofs.es\/web\/el-colo-recibe-al-elche-con-la-permanencia-en-el-horizonte\/#respond"]}]},{"@type":"WebPage","@id":"https:\/\/www.colocolofs.es\/web\/el-colo-recibe-al-elche-con-la-permanencia-en-el-horizonte\/","url":"https:\/\/www.colocolofs.es\/web\/el-colo-recibe-al-elche-con-la-permanencia-en-el-horizonte\/","name":"El Colo recibe al Elche con la permanencia en el horizonte - Entrerr\u00edos Automatizaci\u00f3n","isPartOf":{"@id":"https:\/\/www.colocolofs.es\/web\/#website"},"primaryImageOfPage":{"@id":"https:\/\/www.colocolofs.es\/web\/el-colo-recibe-al-elche-con-la-permanencia-en-el-horizonte\/#primaryimage"},"image":{"@id":"https:\/\/www.colocolofs.es\/web\/el-colo-recibe-al-elche-con-la-permanencia-en-el-horizonte\/#primaryimage"},"thumbnailUrl":"https:\/\/www.colocolofs.es\/web\/wp-content\/uploads\/2019\/01\/previa-web.jpg","datePublished":"2019-01-18T22:40:02+00:00","dateModified":"2020-04-11T15:59:02+00:00","breadcrumb":{"@id":"https:\/\/www.colocolofs.es\/web\/el-colo-recibe-al-elche-con-la-permanencia-en-el-horizonte\/#breadcrumb"},"inLanguage":"es","potentialAction":[{"@type":"ReadAction","target":["https:\/\/www.colocolofs.es\/web\/el-colo-recibe-al-elche-con-la-permanencia-en-el-horizonte\/"]}]},{"@type":"ImageObject","inLanguage":"es","@id":"https:\/\/www.colocolofs.es\/web\/el-colo-recibe-al-elche-con-la-permanencia-en-el-horizonte\/#primaryimage","url":"https:\/\/www.colocolofs.es\/web\/wp-content\/uploads\/2019\/01\/previa-web.jpg","contentUrl":"https:\/\/www.colocolofs.es\/web\/wp-content\/uploads\/2019\/01\/previa-web.jpg","width":1200,"height":492,"caption":"El Colo, a certificar la permanencia"},{"@type":"BreadcrumbList","@id":"https:\/\/www.colocolofs.es\/web\/el-colo-recibe-al-elche-con-la-permanencia-en-el-horizonte\/#breadcrumb","itemListElement":[{"@type":"ListItem","position":1,"name":"Portada","item":"https:\/\/www.colocolofs.es\/web\/"},{"@type":"ListItem","position":2,"name":"El Colo recibe al Elche con la permanencia en el horizonte"}]},{"@type":"WebSite","@id":"https:\/\/www.colocolofs.es\/web\/#website","url":"https:\/\/www.colocolofs.es\/web\/","name":"Entrerr\u00edos Automatizaci\u00f3n","description":"Web oficial","publisher":{"@id":"https:\/\/www.colocolofs.es\/web\/#organization"},"potentialAction":[{"@type":"SearchAction","target":{"@type":"EntryPoint","urlTemplate":"https:\/\/www.colocolofs.es\/web\/?s={search_term_string}"},"query-input":{"@type":"PropertyValueSpecification","valueRequired":true,"valueName":"search_term_string"}}],"inLanguage":"es"},{"@type":"Organization","@id":"https:\/\/www.colocolofs.es\/web\/#organization","name":"Entrerr\u00edos Automatizaci\u00f3n","url":"https:\/\/www.colocolofs.es\/web\/","logo":{"@type":"ImageObject","inLanguage":"es","@id":"https:\/\/www.colocolofs.es\/web\/#\/schema\/logo\/image\/","url":"https:\/\/www.colocolofs.es\/web\/wp-content\/uploads\/2026\/07\/Escudo-fondo-blanco.jpg","contentUrl":"https:\/\/www.colocolofs.es\/web\/wp-content\/uploads\/2026\/07\/Escudo-fondo-blanco.jpg","width":477,"height":486,"caption":"Entrerr\u00edos Automatizaci\u00f3n"},"image":{"@id":"https:\/\/www.colocolofs.es\/web\/#\/schema\/logo\/image\/"},"sameAs":["https:\/\/x.com\/entrerriosauto","https:\/\/www.instagram.com\/entrerriosautomatizacion\/"]},{"@type":"Person","@id":"https:\/\/www.colocolofs.es\/web\/#\/schema\/person\/1be91002ad639bd282f9d860b6eb7584","name":"admin","url":"https:\/\/www.colocolofs.es\/web\/author\/admin\/"}]}},"jetpack_sharing_enabled":true,"jetpack_featured_media_url":"https:\/\/www.colocolofs.es\/web\/wp-content\/uploads\/2019\/01\/previa-web.jpg","_links":{"self":[{"href":"https:\/\/www.colocolofs.es\/web\/wp-json\/wp\/v2\/posts\/214","targetHints":{"allow":["GET"]}}],"collection":[{"href":"https:\/\/www.colocolofs.es\/web\/wp-json\/wp\/v2\/posts"}],"about":[{"href":"https:\/\/www.colocolofs.es\/web\/wp-json\/wp\/v2\/types\/post"}],"author":[{"embeddable":true,"href":"https:\/\/www.colocolofs.es\/web\/wp-json\/wp\/v2\/users\/1"}],"replies":[{"embeddable":true,"href":"https:\/\/www.colocolofs.es\/web\/wp-json\/wp\/v2\/comments?post=214"}],"version-history":[{"count":0,"href":"https:\/\/www.colocolofs.es\/web\/wp-json\/wp\/v2\/posts\/214\/revisions"}],"wp:featuredmedia":[{"embeddable":true,"href":"https:\/\/www.colocolofs.es\/web\/wp-json\/wp\/v2\/media\/213"}],"wp:attachment":[{"href":"https:\/\/www.colocolofs.es\/web\/wp-json\/wp\/v2\/media?parent=214"}],"wp:term":[{"taxonomy":"category","embeddable":true,"href":"https:\/\/www.colocolofs.es\/web\/wp-json\/wp\/v2\/categories?post=214"},{"taxonomy":"post_tag","embeddable":true,"href":"https:\/\/www.colocolofs.es\/web\/wp-json\/wp\/v2\/tags?post=214"}],"curies":[{"name":"wp","href":"https:\/\/api.w.org\/{rel}","templated":true}]}}