{"id":23373,"date":"2025-06-17T20:13:54","date_gmt":"2025-06-17T20:13:54","guid":{"rendered":"https:\/\/www.colocolofs.es\/web\/?p=23373"},"modified":"2025-06-18T10:47:47","modified_gmt":"2025-06-18T10:47:47","slug":"carlos-garcia-regresa-al-entrerrios-zaragoza","status":"publish","type":"post","link":"https:\/\/www.colocolofs.es\/web\/carlos-garcia-regresa-al-entrerrios-zaragoza\/","title":{"rendered":"Carlos Garc\u00eda regresa al Entrerr\u00edos Zaragoza"},"content":{"rendered":"\n<p>Carlos Garc\u00eda Naranjo (Zaragoza, 30\/10\/1995) vuelve a ser jugador del Entrerr\u00edos Zaragoza.<\/p>\n\n\n\n<p>El ala-cierre zaragozano milit\u00f3 hasta 2013 en las categor\u00edas inferiores de nuestro club y, posteriormente, estuvo en el Sala 10 Zaragoza compitiendo en Primera Divisi\u00f3n (2013-2015 y 2016-2018), Puertollano (2015-2016) y Elche (2016-2017).<\/p>\n\n\n\n<p>En 2018 regres\u00f3 al Entrerr\u00edos Zaragoza para ser una pieza fundamental en un equipo que se estrenaba en la Segunda Divisi\u00f3n. Desde 2018 hasta enero de 2022 Carlos particip\u00f3 en 92 partidos de Liga, anotando 50 goles.<\/p>\n\n\n\n<p>Durante las tres \u00faltimas temporadas y media, con el Sala 10, Carlos Garc\u00eda ha tenido minutos en 43 encuentros en Primera Divisi\u00f3n y 37 en Segunda Divisi\u00f3n, marcando cuatro tantos en la m\u00e1xima categor\u00eda y 14 en la de plata. Adem\u00e1s, en la 22\/23 disput\u00f3 un \u2018Play-Off\u2019 de ascenso a Primera Divisi\u00f3n y en la 23\/24 qued\u00f3 campe\u00f3n de Liga.&nbsp;<\/p>\n\n\n\n<p>Carlos se trata de un refuerzo de garant\u00edas para el Entrerr\u00edos Zaragoza, donde su aportaci\u00f3n ser\u00e1 muy importante tanto dentro como fuera de la pista. \u00a1Bienvenido a casa, Carlos!<\/p>\n","protected":false},"excerpt":{"rendered":"<p>Carlos Garc\u00eda Naranjo (Zaragoza, 30\/10\/1995) vuelve a ser jugador del Entrerr\u00edos Zaragoza. El ala-cierre zaragozano milit\u00f3 hasta 2013 en las categor\u00edas inferiores de nuestro club y, posteriormente, estuvo en el Sala 10 Zaragoza compitiendo en Primera Divisi\u00f3n (2013-2015 y 2016-2018), Puertollano (2015-2016) y Elche (2016-2017). En 2018 regres\u00f3 al Entrerr\u00edos Zaragoza para ser una pieza [&hellip;]<\/p>\n","protected":false},"author":1,"featured_media":23374,"comment_status":"closed","ping_status":"closed","sticky":false,"template":"","format":"standard","meta":{"footnotes":""},"categories":[5],"tags":[],"class_list":["post-23373","post","type-post","status-publish","format-standard","has-post-thumbnail","hentry","category-primer-equipo"],"jetpack_featured_media_url":"https:\/\/www.colocolofs.es\/web\/wp-content\/uploads\/2025\/06\/Carlos-Garcia.jpg","yoast_head":"<!-- This site is optimized with the Yoast SEO plugin v14.4.1 - https:\/\/yoast.com\/wordpress\/plugins\/seo\/ -->\n<title>Carlos Garc\u00eda regresa al Entrerr\u00edos Zaragoza - Entrerr\u00edos Automatizaci\u00f3n<\/title>\n<meta name=\"robots\" content=\"index, follow\" \/>\n<meta name=\"googlebot\" content=\"index, follow, max-snippet:-1, max-image-preview:large, max-video-preview:-1\" \/>\n<meta name=\"bingbot\" content=\"index, follow, max-snippet:-1, max-image-preview:large, max-video-preview:-1\" \/>\n<link rel=\"canonical\" href=\"https:\/\/www.colocolofs.es\/web\/carlos-garcia-regresa-al-entrerrios-zaragoza\/\" \/>\n<meta property=\"og:locale\" content=\"es_ES\" \/>\n<meta property=\"og:type\" content=\"article\" \/>\n<meta property=\"og:title\" content=\"Carlos Garc\u00eda regresa al Entrerr\u00edos Zaragoza - Entrerr\u00edos Automatizaci\u00f3n\" \/>\n<meta property=\"og:description\" content=\"Carlos Garc\u00eda Naranjo (Zaragoza, 30\/10\/1995) vuelve a ser jugador del Entrerr\u00edos Zaragoza. El ala-cierre zaragozano milit\u00f3 hasta 2013 en las categor\u00edas inferiores de nuestro club y, posteriormente, estuvo en el Sala 10 Zaragoza compitiendo en Primera Divisi\u00f3n (2013-2015 y 2016-2018), Puertollano (2015-2016) y Elche (2016-2017). En 2018 regres\u00f3 al Entrerr\u00edos Zaragoza para ser una pieza [&hellip;]\" \/>\n<meta property=\"og:url\" content=\"https:\/\/www.colocolofs.es\/web\/carlos-garcia-regresa-al-entrerrios-zaragoza\/\" \/>\n<meta property=\"og:site_name\" content=\"Entrerr\u00edos Automatizaci\u00f3n\" \/>\n<meta property=\"article:published_time\" content=\"2025-06-17T20:13:54+00:00\" \/>\n<meta property=\"article:modified_time\" content=\"2025-06-18T10:47:47+00:00\" \/>\n<meta property=\"og:image\" content=\"https:\/\/www.colocolofs.es\/web\/wp-content\/uploads\/2025\/06\/Carlos-Garcia-1024x1024.jpg\" \/>\n\t<meta property=\"og:image:width\" content=\"1024\" \/>\n\t<meta property=\"og:image:height\" content=\"1024\" \/>\n<meta name=\"twitter:card\" content=\"summary_large_image\" \/>\n<script type=\"application\/ld+json\" class=\"yoast-schema-graph\">{\"@context\":\"https:\/\/schema.org\",\"@graph\":[{\"@type\":\"WebSite\",\"@id\":\"https:\/\/www.colocolofs.es\/web\/#website\",\"url\":\"https:\/\/www.colocolofs.es\/web\/\",\"name\":\"Entrerr\\u00edos Automatizaci\\u00f3n\",\"description\":\"Web oficial\",\"potentialAction\":[{\"@type\":\"SearchAction\",\"target\":\"https:\/\/www.colocolofs.es\/web\/?s={search_term_string}\",\"query-input\":\"required name=search_term_string\"}],\"inLanguage\":\"es\"},{\"@type\":\"ImageObject\",\"@id\":\"https:\/\/www.colocolofs.es\/web\/carlos-garcia-regresa-al-entrerrios-zaragoza\/#primaryimage\",\"inLanguage\":\"es\",\"url\":\"https:\/\/www.colocolofs.es\/web\/wp-content\/uploads\/2025\/06\/Carlos-Garcia.jpg\",\"width\":1275,\"height\":1275},{\"@type\":\"WebPage\",\"@id\":\"https:\/\/www.colocolofs.es\/web\/carlos-garcia-regresa-al-entrerrios-zaragoza\/#webpage\",\"url\":\"https:\/\/www.colocolofs.es\/web\/carlos-garcia-regresa-al-entrerrios-zaragoza\/\",\"name\":\"Carlos Garc\\u00eda regresa al Entrerr\\u00edos Zaragoza - Entrerr\\u00edos Automatizaci\\u00f3n\",\"isPartOf\":{\"@id\":\"https:\/\/www.colocolofs.es\/web\/#website\"},\"primaryImageOfPage\":{\"@id\":\"https:\/\/www.colocolofs.es\/web\/carlos-garcia-regresa-al-entrerrios-zaragoza\/#primaryimage\"},\"datePublished\":\"2025-06-17T20:13:54+00:00\",\"dateModified\":\"2025-06-18T10:47:47+00:00\",\"author\":{\"@id\":\"https:\/\/www.colocolofs.es\/web\/#\/schema\/person\/1be91002ad639bd282f9d860b6eb7584\"},\"inLanguage\":\"es\",\"potentialAction\":[{\"@type\":\"ReadAction\",\"target\":[\"https:\/\/www.colocolofs.es\/web\/carlos-garcia-regresa-al-entrerrios-zaragoza\/\"]}]},{\"@type\":[\"Person\"],\"@id\":\"https:\/\/www.colocolofs.es\/web\/#\/schema\/person\/1be91002ad639bd282f9d860b6eb7584\",\"name\":\"admin\"}]}<\/script>\n<!-- \/ Yoast SEO plugin. -->","_links":{"self":[{"href":"https:\/\/www.colocolofs.es\/web\/wp-json\/wp\/v2\/posts\/23373","targetHints":{"allow":["GET"]}}],"collection":[{"href":"https:\/\/www.colocolofs.es\/web\/wp-json\/wp\/v2\/posts"}],"about":[{"href":"https:\/\/www.colocolofs.es\/web\/wp-json\/wp\/v2\/types\/post"}],"author":[{"embeddable":true,"href":"https:\/\/www.colocolofs.es\/web\/wp-json\/wp\/v2\/users\/1"}],"replies":[{"embeddable":true,"href":"https:\/\/www.colocolofs.es\/web\/wp-json\/wp\/v2\/comments?post=23373"}],"version-history":[{"count":3,"href":"https:\/\/www.colocolofs.es\/web\/wp-json\/wp\/v2\/posts\/23373\/revisions"}],"predecessor-version":[{"id":23380,"href":"https:\/\/www.colocolofs.es\/web\/wp-json\/wp\/v2\/posts\/23373\/revisions\/23380"}],"wp:featuredmedia":[{"embeddable":true,"href":"https:\/\/www.colocolofs.es\/web\/wp-json\/wp\/v2\/media\/23374"}],"wp:attachment":[{"href":"https:\/\/www.colocolofs.es\/web\/wp-json\/wp\/v2\/media?parent=23373"}],"wp:term":[{"taxonomy":"category","embeddable":true,"href":"https:\/\/www.colocolofs.es\/web\/wp-json\/wp\/v2\/categories?post=23373"},{"taxonomy":"post_tag","embeddable":true,"href":"https:\/\/www.colocolofs.es\/web\/wp-json\/wp\/v2\/tags?post=23373"}],"curies":[{"name":"wp","href":"https:\/\/api.w.org\/{rel}","templated":true}]}}