{"id":23376,"date":"2025-06-18T07:33:13","date_gmt":"2025-06-18T07:33:13","guid":{"rendered":"https:\/\/www.colocolofs.es\/web\/?p=23376"},"modified":"2025-06-18T11:16:29","modified_gmt":"2025-06-18T11:16:29","slug":"alberto-ines-se-incorpora-al-entrerrios-zaragoza","status":"publish","type":"post","link":"https:\/\/www.colocolofs.es\/web\/alberto-ines-se-incorpora-al-entrerrios-zaragoza\/","title":{"rendered":"Alberto In\u00e9s se incorpora al Entrerr\u00edos Zaragoza"},"content":{"rendered":"\n<p>Alberto In\u00e9s Medina (Zaragoza, 2\/7\/2001) es nuevo jugador del Entrerr\u00edos Zaragoza.<\/p>\n\n\n\n<p>Procedente del Sala 10 Zaragoza, Alberto In\u00e9s es un ala zurdo que iniciar\u00e1 su segunda etapa en el Entrerr\u00edos Zaragoza, ya que estuvo en el equipo azul\u00f3n durante el segundo tramo de la temporada 2021\/2022, llegando a participar en 14 partidos y anotando seis goles.<\/p>\n\n\n\n<p>Tras finalizar su cesi\u00f3n en el Entrerr\u00edos, Alberto In\u00e9s regres\u00f3 al Sala 10, con el que ha tenido minutos en 84 encuentros (27 en Primera Divisi\u00f3n en este \u00faltimo curso y 57 en Segunda Divisi\u00f3n) y marcando un total de 19 dianas. Con el Sala 10, Alberto In\u00e9s disput\u00f3 unos \u2018Play-Off\u2019 de ascenso a Primera Divisi\u00f3n, y se alz\u00f3 con el t\u00edtulo de Liga de la categor\u00eda de plata en la 2023\/2024.<\/p>\n\n\n\n<p>Alberto vuelve ahora a defender la camiseta del Entrerr\u00edos para seguir creciendo como jugador y aportar toda su calidad al equipo dirigido por Alfonso Rodr\u00edguez. \u00a1Bienvenido de nuevo, Alberto!<\/p>\n","protected":false},"excerpt":{"rendered":"<p>Alberto In\u00e9s Medina (Zaragoza, 2\/7\/2001) es nuevo jugador del Entrerr\u00edos Zaragoza. Procedente del Sala 10 Zaragoza, Alberto In\u00e9s es un ala zurdo que iniciar\u00e1 su segunda etapa en el Entrerr\u00edos Zaragoza, ya que estuvo en el equipo azul\u00f3n durante el segundo tramo de la temporada 2021\/2022, llegando a participar en 14 partidos y anotando seis [&hellip;]<\/p>\n","protected":false},"author":1,"featured_media":23377,"comment_status":"closed","ping_status":"closed","sticky":false,"template":"","format":"standard","meta":{"footnotes":""},"categories":[5],"tags":[],"class_list":["post-23376","post","type-post","status-publish","format-standard","has-post-thumbnail","hentry","category-primer-equipo"],"jetpack_featured_media_url":"https:\/\/www.colocolofs.es\/web\/wp-content\/uploads\/2025\/06\/Fichajes-copia.jpg","yoast_head":"<!-- This site is optimized with the Yoast SEO plugin v14.4.1 - https:\/\/yoast.com\/wordpress\/plugins\/seo\/ -->\n<title>Alberto In\u00e9s se incorpora al Entrerr\u00edos Zaragoza - Entrerr\u00edos Automatizaci\u00f3n<\/title>\n<meta name=\"robots\" content=\"index, follow\" \/>\n<meta name=\"googlebot\" content=\"index, follow, max-snippet:-1, max-image-preview:large, max-video-preview:-1\" \/>\n<meta name=\"bingbot\" content=\"index, follow, max-snippet:-1, max-image-preview:large, max-video-preview:-1\" \/>\n<link rel=\"canonical\" href=\"https:\/\/www.colocolofs.es\/web\/alberto-ines-se-incorpora-al-entrerrios-zaragoza\/\" \/>\n<meta property=\"og:locale\" content=\"es_ES\" \/>\n<meta property=\"og:type\" content=\"article\" \/>\n<meta property=\"og:title\" content=\"Alberto In\u00e9s se incorpora al Entrerr\u00edos Zaragoza - Entrerr\u00edos Automatizaci\u00f3n\" \/>\n<meta property=\"og:description\" content=\"Alberto In\u00e9s Medina (Zaragoza, 2\/7\/2001) es nuevo jugador del Entrerr\u00edos Zaragoza. Procedente del Sala 10 Zaragoza, Alberto In\u00e9s es un ala zurdo que iniciar\u00e1 su segunda etapa en el Entrerr\u00edos Zaragoza, ya que estuvo en el equipo azul\u00f3n durante el segundo tramo de la temporada 2021\/2022, llegando a participar en 14 partidos y anotando seis [&hellip;]\" \/>\n<meta property=\"og:url\" content=\"https:\/\/www.colocolofs.es\/web\/alberto-ines-se-incorpora-al-entrerrios-zaragoza\/\" \/>\n<meta property=\"og:site_name\" content=\"Entrerr\u00edos Automatizaci\u00f3n\" \/>\n<meta property=\"article:published_time\" content=\"2025-06-18T07:33:13+00:00\" \/>\n<meta property=\"article:modified_time\" content=\"2025-06-18T11:16:29+00:00\" \/>\n<meta property=\"og:image\" content=\"https:\/\/www.colocolofs.es\/web\/wp-content\/uploads\/2025\/06\/Fichajes-copia-1024x1024.jpg\" \/>\n\t<meta property=\"og:image:width\" content=\"1024\" \/>\n\t<meta property=\"og:image:height\" content=\"1024\" \/>\n<meta name=\"twitter:card\" content=\"summary_large_image\" \/>\n<script type=\"application\/ld+json\" class=\"yoast-schema-graph\">{\"@context\":\"https:\/\/schema.org\",\"@graph\":[{\"@type\":\"WebSite\",\"@id\":\"https:\/\/www.colocolofs.es\/web\/#website\",\"url\":\"https:\/\/www.colocolofs.es\/web\/\",\"name\":\"Entrerr\\u00edos Automatizaci\\u00f3n\",\"description\":\"Web oficial\",\"potentialAction\":[{\"@type\":\"SearchAction\",\"target\":\"https:\/\/www.colocolofs.es\/web\/?s={search_term_string}\",\"query-input\":\"required name=search_term_string\"}],\"inLanguage\":\"es\"},{\"@type\":\"ImageObject\",\"@id\":\"https:\/\/www.colocolofs.es\/web\/alberto-ines-se-incorpora-al-entrerrios-zaragoza\/#primaryimage\",\"inLanguage\":\"es\",\"url\":\"https:\/\/www.colocolofs.es\/web\/wp-content\/uploads\/2025\/06\/Fichajes-copia.jpg\",\"width\":1275,\"height\":1275},{\"@type\":\"WebPage\",\"@id\":\"https:\/\/www.colocolofs.es\/web\/alberto-ines-se-incorpora-al-entrerrios-zaragoza\/#webpage\",\"url\":\"https:\/\/www.colocolofs.es\/web\/alberto-ines-se-incorpora-al-entrerrios-zaragoza\/\",\"name\":\"Alberto In\\u00e9s se incorpora al Entrerr\\u00edos Zaragoza - Entrerr\\u00edos Automatizaci\\u00f3n\",\"isPartOf\":{\"@id\":\"https:\/\/www.colocolofs.es\/web\/#website\"},\"primaryImageOfPage\":{\"@id\":\"https:\/\/www.colocolofs.es\/web\/alberto-ines-se-incorpora-al-entrerrios-zaragoza\/#primaryimage\"},\"datePublished\":\"2025-06-18T07:33:13+00:00\",\"dateModified\":\"2025-06-18T11:16:29+00:00\",\"author\":{\"@id\":\"https:\/\/www.colocolofs.es\/web\/#\/schema\/person\/1be91002ad639bd282f9d860b6eb7584\"},\"inLanguage\":\"es\",\"potentialAction\":[{\"@type\":\"ReadAction\",\"target\":[\"https:\/\/www.colocolofs.es\/web\/alberto-ines-se-incorpora-al-entrerrios-zaragoza\/\"]}]},{\"@type\":[\"Person\"],\"@id\":\"https:\/\/www.colocolofs.es\/web\/#\/schema\/person\/1be91002ad639bd282f9d860b6eb7584\",\"name\":\"admin\"}]}<\/script>\n<!-- \/ Yoast SEO plugin. -->","_links":{"self":[{"href":"https:\/\/www.colocolofs.es\/web\/wp-json\/wp\/v2\/posts\/23376","targetHints":{"allow":["GET"]}}],"collection":[{"href":"https:\/\/www.colocolofs.es\/web\/wp-json\/wp\/v2\/posts"}],"about":[{"href":"https:\/\/www.colocolofs.es\/web\/wp-json\/wp\/v2\/types\/post"}],"author":[{"embeddable":true,"href":"https:\/\/www.colocolofs.es\/web\/wp-json\/wp\/v2\/users\/1"}],"replies":[{"embeddable":true,"href":"https:\/\/www.colocolofs.es\/web\/wp-json\/wp\/v2\/comments?post=23376"}],"version-history":[{"count":1,"href":"https:\/\/www.colocolofs.es\/web\/wp-json\/wp\/v2\/posts\/23376\/revisions"}],"predecessor-version":[{"id":23378,"href":"https:\/\/www.colocolofs.es\/web\/wp-json\/wp\/v2\/posts\/23376\/revisions\/23378"}],"wp:featuredmedia":[{"embeddable":true,"href":"https:\/\/www.colocolofs.es\/web\/wp-json\/wp\/v2\/media\/23377"}],"wp:attachment":[{"href":"https:\/\/www.colocolofs.es\/web\/wp-json\/wp\/v2\/media?parent=23376"}],"wp:term":[{"taxonomy":"category","embeddable":true,"href":"https:\/\/www.colocolofs.es\/web\/wp-json\/wp\/v2\/categories?post=23376"},{"taxonomy":"post_tag","embeddable":true,"href":"https:\/\/www.colocolofs.es\/web\/wp-json\/wp\/v2\/tags?post=23376"}],"curies":[{"name":"wp","href":"https:\/\/api.w.org\/{rel}","templated":true}]}}