{"id":23381,"date":"2025-06-18T20:35:49","date_gmt":"2025-06-18T20:35:49","guid":{"rendered":"https:\/\/www.colocolofs.es\/web\/?p=23381"},"modified":"2025-06-19T11:40:04","modified_gmt":"2025-06-19T11:40:04","slug":"juan-molina-y-el-entrerrios-siguen-vinculados-durante-la-temporada-25-26","status":"publish","type":"post","link":"https:\/\/www.colocolofs.es\/web\/juan-molina-y-el-entrerrios-siguen-vinculados-durante-la-temporada-25-26\/","title":{"rendered":"Juan Molina y el Entrerr\u00edos siguen vinculados durante la temporada 25\/26"},"content":{"rendered":"\n<p>Juan<strong> <\/strong>Molina renueva con el Entrerr\u00edos Zaragoza.<\/p>\n\n\n\n<p>El portero zaragozano se incorpor\u00f3 a nuestro equipo en la temporada 2024\/2025, y ha defendido la porter\u00eda azulona en 29 partidos de Liga, ofreciendo un excelente nivel y siendo uno de los mejores guardametas de la categor\u00eda. Anteriormente, Molina hab\u00eda militado en equipos como el Ribera Navarra, ElPozo Murcia, Real Betis o Pe\u00f1\u00edscola, y en su palmar\u00e9s cuenta una Recopa de Europa con el Lobelle Santiago, una Copa del Rey con el Betis y un Trofeo al Mejor Portero de la LNFS, adem\u00e1s de haber sido internacional absoluto con Espa\u00f1a.<\/p>\n","protected":false},"excerpt":{"rendered":"<p>Juan Molina renueva con el Entrerr\u00edos Zaragoza. El portero zaragozano se incorpor\u00f3 a nuestro equipo en la temporada 2024\/2025, y ha defendido la porter\u00eda azulona en 29 partidos de Liga, ofreciendo un excelente nivel y siendo uno de los mejores guardametas de la categor\u00eda. Anteriormente, Molina hab\u00eda militado en equipos como el Ribera Navarra, ElPozo [&hellip;]<\/p>\n","protected":false},"author":1,"featured_media":23382,"comment_status":"closed","ping_status":"closed","sticky":false,"template":"","format":"standard","meta":{"footnotes":""},"categories":[5],"tags":[],"class_list":["post-23381","post","type-post","status-publish","format-standard","has-post-thumbnail","hentry","category-primer-equipo"],"jetpack_featured_media_url":"https:\/\/www.colocolofs.es\/web\/wp-content\/uploads\/2025\/06\/Juan-Molina.jpg","yoast_head":"<!-- This site is optimized with the Yoast SEO plugin v14.4.1 - https:\/\/yoast.com\/wordpress\/plugins\/seo\/ -->\n<title>Juan Molina y el Entrerr\u00edos siguen vinculados durante la temporada 25\/26 - Entrerr\u00edos Automatizaci\u00f3n<\/title>\n<meta name=\"robots\" content=\"index, follow\" \/>\n<meta name=\"googlebot\" content=\"index, follow, max-snippet:-1, max-image-preview:large, max-video-preview:-1\" \/>\n<meta name=\"bingbot\" content=\"index, follow, max-snippet:-1, max-image-preview:large, max-video-preview:-1\" \/>\n<link rel=\"canonical\" href=\"https:\/\/www.colocolofs.es\/web\/juan-molina-y-el-entrerrios-siguen-vinculados-durante-la-temporada-25-26\/\" \/>\n<meta property=\"og:locale\" content=\"es_ES\" \/>\n<meta property=\"og:type\" content=\"article\" \/>\n<meta property=\"og:title\" content=\"Juan Molina y el Entrerr\u00edos siguen vinculados durante la temporada 25\/26 - Entrerr\u00edos Automatizaci\u00f3n\" \/>\n<meta property=\"og:description\" content=\"Juan Molina renueva con el Entrerr\u00edos Zaragoza. El portero zaragozano se incorpor\u00f3 a nuestro equipo en la temporada 2024\/2025, y ha defendido la porter\u00eda azulona en 29 partidos de Liga, ofreciendo un excelente nivel y siendo uno de los mejores guardametas de la categor\u00eda. Anteriormente, Molina hab\u00eda militado en equipos como el Ribera Navarra, ElPozo [&hellip;]\" \/>\n<meta property=\"og:url\" content=\"https:\/\/www.colocolofs.es\/web\/juan-molina-y-el-entrerrios-siguen-vinculados-durante-la-temporada-25-26\/\" \/>\n<meta property=\"og:site_name\" content=\"Entrerr\u00edos Automatizaci\u00f3n\" \/>\n<meta property=\"article:published_time\" content=\"2025-06-18T20:35:49+00:00\" \/>\n<meta property=\"article:modified_time\" content=\"2025-06-19T11:40:04+00:00\" \/>\n<meta property=\"og:image\" content=\"https:\/\/www.colocolofs.es\/web\/wp-content\/uploads\/2025\/06\/Juan-Molina.jpg\" \/>\n\t<meta property=\"og:image:width\" content=\"1200\" \/>\n\t<meta property=\"og:image:height\" content=\"1200\" \/>\n<meta name=\"twitter:card\" content=\"summary_large_image\" \/>\n<script type=\"application\/ld+json\" class=\"yoast-schema-graph\">{\"@context\":\"https:\/\/schema.org\",\"@graph\":[{\"@type\":\"WebSite\",\"@id\":\"https:\/\/www.colocolofs.es\/web\/#website\",\"url\":\"https:\/\/www.colocolofs.es\/web\/\",\"name\":\"Entrerr\\u00edos Automatizaci\\u00f3n\",\"description\":\"Web oficial\",\"potentialAction\":[{\"@type\":\"SearchAction\",\"target\":\"https:\/\/www.colocolofs.es\/web\/?s={search_term_string}\",\"query-input\":\"required name=search_term_string\"}],\"inLanguage\":\"es\"},{\"@type\":\"ImageObject\",\"@id\":\"https:\/\/www.colocolofs.es\/web\/juan-molina-y-el-entrerrios-siguen-vinculados-durante-la-temporada-25-26\/#primaryimage\",\"inLanguage\":\"es\",\"url\":\"https:\/\/www.colocolofs.es\/web\/wp-content\/uploads\/2025\/06\/Juan-Molina.jpg\",\"width\":1200,\"height\":1200},{\"@type\":\"WebPage\",\"@id\":\"https:\/\/www.colocolofs.es\/web\/juan-molina-y-el-entrerrios-siguen-vinculados-durante-la-temporada-25-26\/#webpage\",\"url\":\"https:\/\/www.colocolofs.es\/web\/juan-molina-y-el-entrerrios-siguen-vinculados-durante-la-temporada-25-26\/\",\"name\":\"Juan Molina y el Entrerr\\u00edos siguen vinculados durante la temporada 25\/26 - Entrerr\\u00edos Automatizaci\\u00f3n\",\"isPartOf\":{\"@id\":\"https:\/\/www.colocolofs.es\/web\/#website\"},\"primaryImageOfPage\":{\"@id\":\"https:\/\/www.colocolofs.es\/web\/juan-molina-y-el-entrerrios-siguen-vinculados-durante-la-temporada-25-26\/#primaryimage\"},\"datePublished\":\"2025-06-18T20:35:49+00:00\",\"dateModified\":\"2025-06-19T11:40:04+00:00\",\"author\":{\"@id\":\"https:\/\/www.colocolofs.es\/web\/#\/schema\/person\/1be91002ad639bd282f9d860b6eb7584\"},\"inLanguage\":\"es\",\"potentialAction\":[{\"@type\":\"ReadAction\",\"target\":[\"https:\/\/www.colocolofs.es\/web\/juan-molina-y-el-entrerrios-siguen-vinculados-durante-la-temporada-25-26\/\"]}]},{\"@type\":[\"Person\"],\"@id\":\"https:\/\/www.colocolofs.es\/web\/#\/schema\/person\/1be91002ad639bd282f9d860b6eb7584\",\"name\":\"admin\"}]}<\/script>\n<!-- \/ Yoast SEO plugin. -->","_links":{"self":[{"href":"https:\/\/www.colocolofs.es\/web\/wp-json\/wp\/v2\/posts\/23381","targetHints":{"allow":["GET"]}}],"collection":[{"href":"https:\/\/www.colocolofs.es\/web\/wp-json\/wp\/v2\/posts"}],"about":[{"href":"https:\/\/www.colocolofs.es\/web\/wp-json\/wp\/v2\/types\/post"}],"author":[{"embeddable":true,"href":"https:\/\/www.colocolofs.es\/web\/wp-json\/wp\/v2\/users\/1"}],"replies":[{"embeddable":true,"href":"https:\/\/www.colocolofs.es\/web\/wp-json\/wp\/v2\/comments?post=23381"}],"version-history":[{"count":2,"href":"https:\/\/www.colocolofs.es\/web\/wp-json\/wp\/v2\/posts\/23381\/revisions"}],"predecessor-version":[{"id":23392,"href":"https:\/\/www.colocolofs.es\/web\/wp-json\/wp\/v2\/posts\/23381\/revisions\/23392"}],"wp:featuredmedia":[{"embeddable":true,"href":"https:\/\/www.colocolofs.es\/web\/wp-json\/wp\/v2\/media\/23382"}],"wp:attachment":[{"href":"https:\/\/www.colocolofs.es\/web\/wp-json\/wp\/v2\/media?parent=23381"}],"wp:term":[{"taxonomy":"category","embeddable":true,"href":"https:\/\/www.colocolofs.es\/web\/wp-json\/wp\/v2\/categories?post=23381"},{"taxonomy":"post_tag","embeddable":true,"href":"https:\/\/www.colocolofs.es\/web\/wp-json\/wp\/v2\/tags?post=23381"}],"curies":[{"name":"wp","href":"https:\/\/api.w.org\/{rel}","templated":true}]}}