{"id":23394,"date":"2025-06-19T21:16:47","date_gmt":"2025-06-19T21:16:47","guid":{"rendered":"https:\/\/www.colocolofs.es\/web\/?p=23394"},"modified":"2025-06-19T21:17:22","modified_gmt":"2025-06-19T21:17:22","slug":"alex-agut-y-alex-armingol-finalizan-sus-respectivas-etapas-en-el-entrerrios-zaragoza","status":"publish","type":"post","link":"https:\/\/www.colocolofs.es\/web\/alex-agut-y-alex-armingol-finalizan-sus-respectivas-etapas-en-el-entrerrios-zaragoza\/","title":{"rendered":"\u00c1lex Agut y \u00c1lex Armingol finalizan sus respectivas etapas en el Entrerr\u00edos Zaragoza"},"content":{"rendered":"\n<p>\u00c1lex Agut y \u00c1lex Armingol finalizan sus respectivas etapas en el Entrerr\u00edos Zaragoza.<\/p>\n\n\n\n<p>\u00c1lex Agut, con una dilatada trayectoria en el f\u00fatbol sala aragon\u00e9s, ha formado parte del filial durante la temporada 2024\/2025. <\/p>\n\n\n\n<p>Mientras que \u00c1lex Armingol lleg\u00f3 al club en 2022 y consigui\u00f3 ganar la Liga en Juvenil Divisi\u00f3n de Honor. Despu\u00e9s pas\u00f3 a ser jugador del Entrerrios Zaragoza &#8216;B&#8217; y lleg\u00f3 a debutar con el primer equipo en Segunda Divisi\u00f3n.<\/p>\n\n\n\n<p>Desde el club, deseamos a ambos mucha suerte a ambos en todo lo que les venga. \u00a1Gracias por defender nuestra camiseta!<\/p>\n","protected":false},"excerpt":{"rendered":"<p>\u00c1lex Agut y \u00c1lex Armingol finalizan sus respectivas etapas en el Entrerr\u00edos Zaragoza. \u00c1lex Agut, con una dilatada trayectoria en el f\u00fatbol sala aragon\u00e9s, ha formado parte del filial durante la temporada 2024\/2025. Mientras que \u00c1lex Armingol lleg\u00f3 al club en 2022 y consigui\u00f3 ganar la Liga en Juvenil Divisi\u00f3n de Honor. Despu\u00e9s pas\u00f3 a [&hellip;]<\/p>\n","protected":false},"author":1,"featured_media":23395,"comment_status":"closed","ping_status":"closed","sticky":false,"template":"","format":"standard","meta":{"footnotes":""},"categories":[14],"tags":[],"class_list":["post-23394","post","type-post","status-publish","format-standard","has-post-thumbnail","hentry","category-filial"],"jetpack_featured_media_url":"https:\/\/www.colocolofs.es\/web\/wp-content\/uploads\/2025\/06\/Gracias-Alexs.jpg","yoast_head":"<!-- This site is optimized with the Yoast SEO plugin v14.4.1 - https:\/\/yoast.com\/wordpress\/plugins\/seo\/ -->\n<title>\u00c1lex Agut y \u00c1lex Armingol finalizan sus respectivas etapas en el Entrerr\u00edos Zaragoza - Entrerr\u00edos Automatizaci\u00f3n<\/title>\n<meta name=\"robots\" content=\"index, follow\" \/>\n<meta name=\"googlebot\" content=\"index, follow, max-snippet:-1, max-image-preview:large, max-video-preview:-1\" \/>\n<meta name=\"bingbot\" content=\"index, follow, max-snippet:-1, max-image-preview:large, max-video-preview:-1\" \/>\n<link rel=\"canonical\" href=\"https:\/\/www.colocolofs.es\/web\/alex-agut-y-alex-armingol-finalizan-sus-respectivas-etapas-en-el-entrerrios-zaragoza\/\" \/>\n<meta property=\"og:locale\" content=\"es_ES\" \/>\n<meta property=\"og:type\" content=\"article\" \/>\n<meta property=\"og:title\" content=\"\u00c1lex Agut y \u00c1lex Armingol finalizan sus respectivas etapas en el Entrerr\u00edos Zaragoza - Entrerr\u00edos Automatizaci\u00f3n\" \/>\n<meta property=\"og:description\" content=\"\u00c1lex Agut y \u00c1lex Armingol finalizan sus respectivas etapas en el Entrerr\u00edos Zaragoza. \u00c1lex Agut, con una dilatada trayectoria en el f\u00fatbol sala aragon\u00e9s, ha formado parte del filial durante la temporada 2024\/2025. Mientras que \u00c1lex Armingol lleg\u00f3 al club en 2022 y consigui\u00f3 ganar la Liga en Juvenil Divisi\u00f3n de Honor. Despu\u00e9s pas\u00f3 a [&hellip;]\" \/>\n<meta property=\"og:url\" content=\"https:\/\/www.colocolofs.es\/web\/alex-agut-y-alex-armingol-finalizan-sus-respectivas-etapas-en-el-entrerrios-zaragoza\/\" \/>\n<meta property=\"og:site_name\" content=\"Entrerr\u00edos Automatizaci\u00f3n\" \/>\n<meta property=\"article:published_time\" content=\"2025-06-19T21:16:47+00:00\" \/>\n<meta property=\"article:modified_time\" content=\"2025-06-19T21:17:22+00:00\" \/>\n<meta property=\"og:image\" content=\"https:\/\/www.colocolofs.es\/web\/wp-content\/uploads\/2025\/06\/Gracias-Alexs.jpg\" \/>\n\t<meta property=\"og:image:width\" content=\"1200\" \/>\n\t<meta property=\"og:image:height\" content=\"1200\" \/>\n<meta name=\"twitter:card\" content=\"summary_large_image\" \/>\n<script type=\"application\/ld+json\" class=\"yoast-schema-graph\">{\"@context\":\"https:\/\/schema.org\",\"@graph\":[{\"@type\":\"WebSite\",\"@id\":\"https:\/\/www.colocolofs.es\/web\/#website\",\"url\":\"https:\/\/www.colocolofs.es\/web\/\",\"name\":\"Entrerr\\u00edos Automatizaci\\u00f3n\",\"description\":\"Web oficial\",\"potentialAction\":[{\"@type\":\"SearchAction\",\"target\":\"https:\/\/www.colocolofs.es\/web\/?s={search_term_string}\",\"query-input\":\"required name=search_term_string\"}],\"inLanguage\":\"es\"},{\"@type\":\"ImageObject\",\"@id\":\"https:\/\/www.colocolofs.es\/web\/alex-agut-y-alex-armingol-finalizan-sus-respectivas-etapas-en-el-entrerrios-zaragoza\/#primaryimage\",\"inLanguage\":\"es\",\"url\":\"https:\/\/www.colocolofs.es\/web\/wp-content\/uploads\/2025\/06\/Gracias-Alexs.jpg\",\"width\":1200,\"height\":1200},{\"@type\":\"WebPage\",\"@id\":\"https:\/\/www.colocolofs.es\/web\/alex-agut-y-alex-armingol-finalizan-sus-respectivas-etapas-en-el-entrerrios-zaragoza\/#webpage\",\"url\":\"https:\/\/www.colocolofs.es\/web\/alex-agut-y-alex-armingol-finalizan-sus-respectivas-etapas-en-el-entrerrios-zaragoza\/\",\"name\":\"\\u00c1lex Agut y \\u00c1lex Armingol finalizan sus respectivas etapas en el Entrerr\\u00edos Zaragoza - Entrerr\\u00edos Automatizaci\\u00f3n\",\"isPartOf\":{\"@id\":\"https:\/\/www.colocolofs.es\/web\/#website\"},\"primaryImageOfPage\":{\"@id\":\"https:\/\/www.colocolofs.es\/web\/alex-agut-y-alex-armingol-finalizan-sus-respectivas-etapas-en-el-entrerrios-zaragoza\/#primaryimage\"},\"datePublished\":\"2025-06-19T21:16:47+00:00\",\"dateModified\":\"2025-06-19T21:17:22+00:00\",\"author\":{\"@id\":\"https:\/\/www.colocolofs.es\/web\/#\/schema\/person\/1be91002ad639bd282f9d860b6eb7584\"},\"inLanguage\":\"es\",\"potentialAction\":[{\"@type\":\"ReadAction\",\"target\":[\"https:\/\/www.colocolofs.es\/web\/alex-agut-y-alex-armingol-finalizan-sus-respectivas-etapas-en-el-entrerrios-zaragoza\/\"]}]},{\"@type\":[\"Person\"],\"@id\":\"https:\/\/www.colocolofs.es\/web\/#\/schema\/person\/1be91002ad639bd282f9d860b6eb7584\",\"name\":\"admin\"}]}<\/script>\n<!-- \/ Yoast SEO plugin. -->","_links":{"self":[{"href":"https:\/\/www.colocolofs.es\/web\/wp-json\/wp\/v2\/posts\/23394","targetHints":{"allow":["GET"]}}],"collection":[{"href":"https:\/\/www.colocolofs.es\/web\/wp-json\/wp\/v2\/posts"}],"about":[{"href":"https:\/\/www.colocolofs.es\/web\/wp-json\/wp\/v2\/types\/post"}],"author":[{"embeddable":true,"href":"https:\/\/www.colocolofs.es\/web\/wp-json\/wp\/v2\/users\/1"}],"replies":[{"embeddable":true,"href":"https:\/\/www.colocolofs.es\/web\/wp-json\/wp\/v2\/comments?post=23394"}],"version-history":[{"count":1,"href":"https:\/\/www.colocolofs.es\/web\/wp-json\/wp\/v2\/posts\/23394\/revisions"}],"predecessor-version":[{"id":23396,"href":"https:\/\/www.colocolofs.es\/web\/wp-json\/wp\/v2\/posts\/23394\/revisions\/23396"}],"wp:featuredmedia":[{"embeddable":true,"href":"https:\/\/www.colocolofs.es\/web\/wp-json\/wp\/v2\/media\/23395"}],"wp:attachment":[{"href":"https:\/\/www.colocolofs.es\/web\/wp-json\/wp\/v2\/media?parent=23394"}],"wp:term":[{"taxonomy":"category","embeddable":true,"href":"https:\/\/www.colocolofs.es\/web\/wp-json\/wp\/v2\/categories?post=23394"},{"taxonomy":"post_tag","embeddable":true,"href":"https:\/\/www.colocolofs.es\/web\/wp-json\/wp\/v2\/tags?post=23394"}],"curies":[{"name":"wp","href":"https:\/\/api.w.org\/{rel}","templated":true}]}}