{"id":23400,"date":"2025-06-21T14:49:44","date_gmt":"2025-06-21T14:49:44","guid":{"rendered":"https:\/\/www.colocolofs.es\/web\/?p=23400"},"modified":"2025-06-21T16:34:28","modified_gmt":"2025-06-21T16:34:28","slug":"sara-gonzalez-sigue-en-el-entrerrios-zaragoza","status":"publish","type":"post","link":"https:\/\/www.colocolofs.es\/web\/sara-gonzalez-sigue-en-el-entrerrios-zaragoza\/","title":{"rendered":"Sara Gonz\u00e1lez sigue en el Entrerr\u00edos Zaragoza"},"content":{"rendered":"\n<p>Sara Gonz\u00e1lez continuar\u00e1 siendo jugadora del Entrerr\u00edos Zaragoza durante la temporada 2025\/2026.<\/p>\n\n\n\n<p>Referente y dentro de la pista, ser\u00e1 el tercer curso de Sara defendiendo el escudo del Entrerr\u00edos.<\/p>\n\n\n\n<p>En la 2024\/2025, Sara hab\u00eda conseguido macar 17 goles en 15 partidos de Liga, hasta que una lesi\u00f3n le oblig\u00f3 a pasar por quir\u00f3fano.<\/p>\n\n\n\n<p>La capitana del Entrerr\u00edos est\u00e1 en la recta final de su recuperaci\u00f3n y seguir\u00e1 siendo una pieza fundamental en su equipo.<\/p>\n","protected":false},"excerpt":{"rendered":"<p>Sara Gonz\u00e1lez continuar\u00e1 siendo jugadora del Entrerr\u00edos Zaragoza durante la temporada 2025\/2026. Referente y dentro de la pista, ser\u00e1 el tercer curso de Sara defendiendo el escudo del Entrerr\u00edos. En la 2024\/2025, Sara hab\u00eda conseguido macar 17 goles en 15 partidos de Liga, hasta que una lesi\u00f3n le oblig\u00f3 a pasar por quir\u00f3fano. La capitana [&hellip;]<\/p>\n","protected":false},"author":1,"featured_media":23401,"comment_status":"closed","ping_status":"closed","sticky":false,"template":"","format":"standard","meta":{"footnotes":""},"categories":[8],"tags":[],"class_list":["post-23400","post","type-post","status-publish","format-standard","has-post-thumbnail","hentry","category-colo-colo-femenino"],"jetpack_featured_media_url":"https:\/\/www.colocolofs.es\/web\/wp-content\/uploads\/2025\/06\/Sara-Gonzalez.jpg","yoast_head":"<!-- This site is optimized with the Yoast SEO plugin v14.4.1 - https:\/\/yoast.com\/wordpress\/plugins\/seo\/ -->\n<title>Sara Gonz\u00e1lez sigue en el Entrerr\u00edos Zaragoza - Entrerr\u00edos Automatizaci\u00f3n<\/title>\n<meta name=\"robots\" content=\"index, follow\" \/>\n<meta name=\"googlebot\" content=\"index, follow, max-snippet:-1, max-image-preview:large, max-video-preview:-1\" \/>\n<meta name=\"bingbot\" content=\"index, follow, max-snippet:-1, max-image-preview:large, max-video-preview:-1\" \/>\n<link rel=\"canonical\" href=\"https:\/\/www.colocolofs.es\/web\/sara-gonzalez-sigue-en-el-entrerrios-zaragoza\/\" \/>\n<meta property=\"og:locale\" content=\"es_ES\" \/>\n<meta property=\"og:type\" content=\"article\" \/>\n<meta property=\"og:title\" content=\"Sara Gonz\u00e1lez sigue en el Entrerr\u00edos Zaragoza - Entrerr\u00edos Automatizaci\u00f3n\" \/>\n<meta property=\"og:description\" content=\"Sara Gonz\u00e1lez continuar\u00e1 siendo jugadora del Entrerr\u00edos Zaragoza durante la temporada 2025\/2026. Referente y dentro de la pista, ser\u00e1 el tercer curso de Sara defendiendo el escudo del Entrerr\u00edos. En la 2024\/2025, Sara hab\u00eda conseguido macar 17 goles en 15 partidos de Liga, hasta que una lesi\u00f3n le oblig\u00f3 a pasar por quir\u00f3fano. La capitana [&hellip;]\" \/>\n<meta property=\"og:url\" content=\"https:\/\/www.colocolofs.es\/web\/sara-gonzalez-sigue-en-el-entrerrios-zaragoza\/\" \/>\n<meta property=\"og:site_name\" content=\"Entrerr\u00edos Automatizaci\u00f3n\" \/>\n<meta property=\"article:published_time\" content=\"2025-06-21T14:49:44+00:00\" \/>\n<meta property=\"article:modified_time\" content=\"2025-06-21T16:34:28+00:00\" \/>\n<meta property=\"og:image\" content=\"https:\/\/www.colocolofs.es\/web\/wp-content\/uploads\/2025\/06\/Sara-Gonzalez.jpg\" \/>\n\t<meta property=\"og:image:width\" content=\"1200\" \/>\n\t<meta property=\"og:image:height\" content=\"1200\" \/>\n<meta name=\"twitter:card\" content=\"summary_large_image\" \/>\n<script type=\"application\/ld+json\" class=\"yoast-schema-graph\">{\"@context\":\"https:\/\/schema.org\",\"@graph\":[{\"@type\":\"WebSite\",\"@id\":\"https:\/\/www.colocolofs.es\/web\/#website\",\"url\":\"https:\/\/www.colocolofs.es\/web\/\",\"name\":\"Entrerr\\u00edos Automatizaci\\u00f3n\",\"description\":\"Web oficial\",\"potentialAction\":[{\"@type\":\"SearchAction\",\"target\":\"https:\/\/www.colocolofs.es\/web\/?s={search_term_string}\",\"query-input\":\"required name=search_term_string\"}],\"inLanguage\":\"es\"},{\"@type\":\"ImageObject\",\"@id\":\"https:\/\/www.colocolofs.es\/web\/sara-gonzalez-sigue-en-el-entrerrios-zaragoza\/#primaryimage\",\"inLanguage\":\"es\",\"url\":\"https:\/\/www.colocolofs.es\/web\/wp-content\/uploads\/2025\/06\/Sara-Gonzalez.jpg\",\"width\":1200,\"height\":1200},{\"@type\":\"WebPage\",\"@id\":\"https:\/\/www.colocolofs.es\/web\/sara-gonzalez-sigue-en-el-entrerrios-zaragoza\/#webpage\",\"url\":\"https:\/\/www.colocolofs.es\/web\/sara-gonzalez-sigue-en-el-entrerrios-zaragoza\/\",\"name\":\"Sara Gonz\\u00e1lez sigue en el Entrerr\\u00edos Zaragoza - Entrerr\\u00edos Automatizaci\\u00f3n\",\"isPartOf\":{\"@id\":\"https:\/\/www.colocolofs.es\/web\/#website\"},\"primaryImageOfPage\":{\"@id\":\"https:\/\/www.colocolofs.es\/web\/sara-gonzalez-sigue-en-el-entrerrios-zaragoza\/#primaryimage\"},\"datePublished\":\"2025-06-21T14:49:44+00:00\",\"dateModified\":\"2025-06-21T16:34:28+00:00\",\"author\":{\"@id\":\"https:\/\/www.colocolofs.es\/web\/#\/schema\/person\/1be91002ad639bd282f9d860b6eb7584\"},\"inLanguage\":\"es\",\"potentialAction\":[{\"@type\":\"ReadAction\",\"target\":[\"https:\/\/www.colocolofs.es\/web\/sara-gonzalez-sigue-en-el-entrerrios-zaragoza\/\"]}]},{\"@type\":[\"Person\"],\"@id\":\"https:\/\/www.colocolofs.es\/web\/#\/schema\/person\/1be91002ad639bd282f9d860b6eb7584\",\"name\":\"admin\"}]}<\/script>\n<!-- \/ Yoast SEO plugin. -->","_links":{"self":[{"href":"https:\/\/www.colocolofs.es\/web\/wp-json\/wp\/v2\/posts\/23400","targetHints":{"allow":["GET"]}}],"collection":[{"href":"https:\/\/www.colocolofs.es\/web\/wp-json\/wp\/v2\/posts"}],"about":[{"href":"https:\/\/www.colocolofs.es\/web\/wp-json\/wp\/v2\/types\/post"}],"author":[{"embeddable":true,"href":"https:\/\/www.colocolofs.es\/web\/wp-json\/wp\/v2\/users\/1"}],"replies":[{"embeddable":true,"href":"https:\/\/www.colocolofs.es\/web\/wp-json\/wp\/v2\/comments?post=23400"}],"version-history":[{"count":2,"href":"https:\/\/www.colocolofs.es\/web\/wp-json\/wp\/v2\/posts\/23400\/revisions"}],"predecessor-version":[{"id":23403,"href":"https:\/\/www.colocolofs.es\/web\/wp-json\/wp\/v2\/posts\/23400\/revisions\/23403"}],"wp:featuredmedia":[{"embeddable":true,"href":"https:\/\/www.colocolofs.es\/web\/wp-json\/wp\/v2\/media\/23401"}],"wp:attachment":[{"href":"https:\/\/www.colocolofs.es\/web\/wp-json\/wp\/v2\/media?parent=23400"}],"wp:term":[{"taxonomy":"category","embeddable":true,"href":"https:\/\/www.colocolofs.es\/web\/wp-json\/wp\/v2\/categories?post=23400"},{"taxonomy":"post_tag","embeddable":true,"href":"https:\/\/www.colocolofs.es\/web\/wp-json\/wp\/v2\/tags?post=23400"}],"curies":[{"name":"wp","href":"https:\/\/api.w.org\/{rel}","templated":true}]}}