{"id":23404,"date":"2025-06-22T22:01:55","date_gmt":"2025-06-22T22:01:55","guid":{"rendered":"https:\/\/www.colocolofs.es\/web\/?p=23404"},"modified":"2025-06-22T22:04:02","modified_gmt":"2025-06-22T22:04:02","slug":"maria-mallor-renueva-con-el-entrerrios-zaragoza-2","status":"publish","type":"post","link":"https:\/\/www.colocolofs.es\/web\/maria-mallor-renueva-con-el-entrerrios-zaragoza-2\/","title":{"rendered":"Mar\u00eda Mallor renueva con el Entrerr\u00edos Zaragoza"},"content":{"rendered":"\n<p>Mar\u00eda Mallor renueva con el Entrerr\u00edos Zaragoza.<\/p>\n\n\n\n<p>Mar\u00eda lleva en nuestro club desde el 2022 y, a pesar de su juventud, ha firmado una gran temporada en Segunda Divisi\u00f3n tras participar en todos los partidos oficiales (30 de Liga y 2 de Copa de Arag\u00f3n) y consiguiendo anotar diez goles. Tambi\u00e9n disput\u00f3 con la Sub-19 de Arag\u00f3n en el Campeonato de Espa\u00f1a<\/p>\n","protected":false},"excerpt":{"rendered":"<p>Mar\u00eda Mallor renueva con el Entrerr\u00edos Zaragoza. Mar\u00eda lleva en nuestro club desde el 2022 y, a pesar de su juventud, ha firmado una gran temporada en Segunda Divisi\u00f3n tras participar en todos los partidos oficiales (30 de Liga y 2 de Copa de Arag\u00f3n) y consiguiendo anotar diez goles. Tambi\u00e9n disput\u00f3 con la Sub-19 [&hellip;]<\/p>\n","protected":false},"author":1,"featured_media":23405,"comment_status":"closed","ping_status":"closed","sticky":false,"template":"","format":"standard","meta":{"footnotes":""},"categories":[8],"tags":[],"class_list":["post-23404","post","type-post","status-publish","format-standard","has-post-thumbnail","hentry","category-colo-colo-femenino"],"jetpack_featured_media_url":"https:\/\/www.colocolofs.es\/web\/wp-content\/uploads\/2025\/06\/WhatsApp-Image-2025-06-23-at-00.01.16.jpeg","yoast_head":"<!-- This site is optimized with the Yoast SEO plugin v14.4.1 - https:\/\/yoast.com\/wordpress\/plugins\/seo\/ -->\n<title>Mar\u00eda Mallor renueva con el Entrerr\u00edos Zaragoza - Entrerr\u00edos Automatizaci\u00f3n<\/title>\n<meta name=\"robots\" content=\"index, follow\" \/>\n<meta name=\"googlebot\" content=\"index, follow, max-snippet:-1, max-image-preview:large, max-video-preview:-1\" \/>\n<meta name=\"bingbot\" content=\"index, follow, max-snippet:-1, max-image-preview:large, max-video-preview:-1\" \/>\n<link rel=\"canonical\" href=\"https:\/\/www.colocolofs.es\/web\/maria-mallor-renueva-con-el-entrerrios-zaragoza-2\/\" \/>\n<meta property=\"og:locale\" content=\"es_ES\" \/>\n<meta property=\"og:type\" content=\"article\" \/>\n<meta property=\"og:title\" content=\"Mar\u00eda Mallor renueva con el Entrerr\u00edos Zaragoza - Entrerr\u00edos Automatizaci\u00f3n\" \/>\n<meta property=\"og:description\" content=\"Mar\u00eda Mallor renueva con el Entrerr\u00edos Zaragoza. Mar\u00eda lleva en nuestro club desde el 2022 y, a pesar de su juventud, ha firmado una gran temporada en Segunda Divisi\u00f3n tras participar en todos los partidos oficiales (30 de Liga y 2 de Copa de Arag\u00f3n) y consiguiendo anotar diez goles. Tambi\u00e9n disput\u00f3 con la Sub-19 [&hellip;]\" \/>\n<meta property=\"og:url\" content=\"https:\/\/www.colocolofs.es\/web\/maria-mallor-renueva-con-el-entrerrios-zaragoza-2\/\" \/>\n<meta property=\"og:site_name\" content=\"Entrerr\u00edos Automatizaci\u00f3n\" \/>\n<meta property=\"article:published_time\" content=\"2025-06-22T22:01:55+00:00\" \/>\n<meta property=\"article:modified_time\" content=\"2025-06-22T22:04:02+00:00\" \/>\n<meta property=\"og:image\" content=\"https:\/\/www.colocolofs.es\/web\/wp-content\/uploads\/2025\/06\/WhatsApp-Image-2025-06-23-at-00.01.16.jpeg\" \/>\n\t<meta property=\"og:image:width\" content=\"1200\" \/>\n\t<meta property=\"og:image:height\" content=\"1200\" \/>\n<meta name=\"twitter:card\" content=\"summary_large_image\" \/>\n<script type=\"application\/ld+json\" class=\"yoast-schema-graph\">{\"@context\":\"https:\/\/schema.org\",\"@graph\":[{\"@type\":\"WebSite\",\"@id\":\"https:\/\/www.colocolofs.es\/web\/#website\",\"url\":\"https:\/\/www.colocolofs.es\/web\/\",\"name\":\"Entrerr\\u00edos Automatizaci\\u00f3n\",\"description\":\"Web oficial\",\"potentialAction\":[{\"@type\":\"SearchAction\",\"target\":\"https:\/\/www.colocolofs.es\/web\/?s={search_term_string}\",\"query-input\":\"required name=search_term_string\"}],\"inLanguage\":\"es\"},{\"@type\":\"ImageObject\",\"@id\":\"https:\/\/www.colocolofs.es\/web\/maria-mallor-renueva-con-el-entrerrios-zaragoza-2\/#primaryimage\",\"inLanguage\":\"es\",\"url\":\"https:\/\/www.colocolofs.es\/web\/wp-content\/uploads\/2025\/06\/WhatsApp-Image-2025-06-23-at-00.01.16.jpeg\",\"width\":1200,\"height\":1200},{\"@type\":\"WebPage\",\"@id\":\"https:\/\/www.colocolofs.es\/web\/maria-mallor-renueva-con-el-entrerrios-zaragoza-2\/#webpage\",\"url\":\"https:\/\/www.colocolofs.es\/web\/maria-mallor-renueva-con-el-entrerrios-zaragoza-2\/\",\"name\":\"Mar\\u00eda Mallor renueva con el Entrerr\\u00edos Zaragoza - Entrerr\\u00edos Automatizaci\\u00f3n\",\"isPartOf\":{\"@id\":\"https:\/\/www.colocolofs.es\/web\/#website\"},\"primaryImageOfPage\":{\"@id\":\"https:\/\/www.colocolofs.es\/web\/maria-mallor-renueva-con-el-entrerrios-zaragoza-2\/#primaryimage\"},\"datePublished\":\"2025-06-22T22:01:55+00:00\",\"dateModified\":\"2025-06-22T22:04:02+00:00\",\"author\":{\"@id\":\"https:\/\/www.colocolofs.es\/web\/#\/schema\/person\/1be91002ad639bd282f9d860b6eb7584\"},\"inLanguage\":\"es\",\"potentialAction\":[{\"@type\":\"ReadAction\",\"target\":[\"https:\/\/www.colocolofs.es\/web\/maria-mallor-renueva-con-el-entrerrios-zaragoza-2\/\"]}]},{\"@type\":[\"Person\"],\"@id\":\"https:\/\/www.colocolofs.es\/web\/#\/schema\/person\/1be91002ad639bd282f9d860b6eb7584\",\"name\":\"admin\"}]}<\/script>\n<!-- \/ Yoast SEO plugin. -->","_links":{"self":[{"href":"https:\/\/www.colocolofs.es\/web\/wp-json\/wp\/v2\/posts\/23404","targetHints":{"allow":["GET"]}}],"collection":[{"href":"https:\/\/www.colocolofs.es\/web\/wp-json\/wp\/v2\/posts"}],"about":[{"href":"https:\/\/www.colocolofs.es\/web\/wp-json\/wp\/v2\/types\/post"}],"author":[{"embeddable":true,"href":"https:\/\/www.colocolofs.es\/web\/wp-json\/wp\/v2\/users\/1"}],"replies":[{"embeddable":true,"href":"https:\/\/www.colocolofs.es\/web\/wp-json\/wp\/v2\/comments?post=23404"}],"version-history":[{"count":2,"href":"https:\/\/www.colocolofs.es\/web\/wp-json\/wp\/v2\/posts\/23404\/revisions"}],"predecessor-version":[{"id":23407,"href":"https:\/\/www.colocolofs.es\/web\/wp-json\/wp\/v2\/posts\/23404\/revisions\/23407"}],"wp:featuredmedia":[{"embeddable":true,"href":"https:\/\/www.colocolofs.es\/web\/wp-json\/wp\/v2\/media\/23405"}],"wp:attachment":[{"href":"https:\/\/www.colocolofs.es\/web\/wp-json\/wp\/v2\/media?parent=23404"}],"wp:term":[{"taxonomy":"category","embeddable":true,"href":"https:\/\/www.colocolofs.es\/web\/wp-json\/wp\/v2\/categories?post=23404"},{"taxonomy":"post_tag","embeddable":true,"href":"https:\/\/www.colocolofs.es\/web\/wp-json\/wp\/v2\/tags?post=23404"}],"curies":[{"name":"wp","href":"https:\/\/api.w.org\/{rel}","templated":true}]}}