{"id":23408,"date":"2025-06-23T20:20:31","date_gmt":"2025-06-23T20:20:31","guid":{"rendered":"https:\/\/www.colocolofs.es\/web\/?p=23408"},"modified":"2025-06-23T20:20:37","modified_gmt":"2025-06-23T20:20:37","slug":"leire-pazos-continuara-defendiendo-la-porteria-del-entrerrios","status":"publish","type":"post","link":"https:\/\/www.colocolofs.es\/web\/leire-pazos-continuara-defendiendo-la-porteria-del-entrerrios\/","title":{"rendered":"Leire Pazos continuar\u00e1 defendiendo la porter\u00eda del Entrerr\u00edos"},"content":{"rendered":"\n<p>Leire Pazos continuar\u00e1 defendiendo la porter\u00eda del Entrerr\u00edos Zaragoza durante la temporada 2025\/2026.<\/p>\n\n\n\n<p>En su primer curso en el Entrerr\u00edos, Leire ha tenido minutos en 29 de los 30 encuentros de Liga y en los de la Copa de Arag\u00f3n. Con la Sub-19 de Arag\u00f3n, disput\u00f3 el Campeonato de Espa\u00f1a.<\/p>\n\n\n\n<p>La joven guardameta zaragozana continuar\u00e1 con su progresi\u00f3n en el Entrerr\u00edos.<\/p>\n","protected":false},"excerpt":{"rendered":"<p>Leire Pazos continuar\u00e1 defendiendo la porter\u00eda del Entrerr\u00edos Zaragoza durante la temporada 2025\/2026. En su primer curso en el Entrerr\u00edos, Leire ha tenido minutos en 29 de los 30 encuentros de Liga y en los de la Copa de Arag\u00f3n. Con la Sub-19 de Arag\u00f3n, disput\u00f3 el Campeonato de Espa\u00f1a. La joven guardameta zaragozana continuar\u00e1 [&hellip;]<\/p>\n","protected":false},"author":1,"featured_media":23409,"comment_status":"closed","ping_status":"closed","sticky":false,"template":"","format":"standard","meta":{"footnotes":""},"categories":[8],"tags":[],"class_list":["post-23408","post","type-post","status-publish","format-standard","has-post-thumbnail","hentry","category-colo-colo-femenino"],"jetpack_featured_media_url":"https:\/\/www.colocolofs.es\/web\/wp-content\/uploads\/2025\/06\/Leire-Pazos.jpg","yoast_head":"<!-- This site is optimized with the Yoast SEO plugin v14.4.1 - https:\/\/yoast.com\/wordpress\/plugins\/seo\/ -->\n<title>Leire Pazos continuar\u00e1 defendiendo la porter\u00eda del Entrerr\u00edos - Entrerr\u00edos Automatizaci\u00f3n<\/title>\n<meta name=\"robots\" content=\"index, follow\" \/>\n<meta name=\"googlebot\" content=\"index, follow, max-snippet:-1, max-image-preview:large, max-video-preview:-1\" \/>\n<meta name=\"bingbot\" content=\"index, follow, max-snippet:-1, max-image-preview:large, max-video-preview:-1\" \/>\n<link rel=\"canonical\" href=\"https:\/\/www.colocolofs.es\/web\/leire-pazos-continuara-defendiendo-la-porteria-del-entrerrios\/\" \/>\n<meta property=\"og:locale\" content=\"es_ES\" \/>\n<meta property=\"og:type\" content=\"article\" \/>\n<meta property=\"og:title\" content=\"Leire Pazos continuar\u00e1 defendiendo la porter\u00eda del Entrerr\u00edos - Entrerr\u00edos Automatizaci\u00f3n\" \/>\n<meta property=\"og:description\" content=\"Leire Pazos continuar\u00e1 defendiendo la porter\u00eda del Entrerr\u00edos Zaragoza durante la temporada 2025\/2026. En su primer curso en el Entrerr\u00edos, Leire ha tenido minutos en 29 de los 30 encuentros de Liga y en los de la Copa de Arag\u00f3n. Con la Sub-19 de Arag\u00f3n, disput\u00f3 el Campeonato de Espa\u00f1a. La joven guardameta zaragozana continuar\u00e1 [&hellip;]\" \/>\n<meta property=\"og:url\" content=\"https:\/\/www.colocolofs.es\/web\/leire-pazos-continuara-defendiendo-la-porteria-del-entrerrios\/\" \/>\n<meta property=\"og:site_name\" content=\"Entrerr\u00edos Automatizaci\u00f3n\" \/>\n<meta property=\"article:published_time\" content=\"2025-06-23T20:20:31+00:00\" \/>\n<meta property=\"article:modified_time\" content=\"2025-06-23T20:20:37+00:00\" \/>\n<meta property=\"og:image\" content=\"https:\/\/www.colocolofs.es\/web\/wp-content\/uploads\/2025\/06\/Leire-Pazos.jpg\" \/>\n\t<meta property=\"og:image:width\" content=\"1200\" \/>\n\t<meta property=\"og:image:height\" content=\"1200\" \/>\n<meta name=\"twitter:card\" content=\"summary_large_image\" \/>\n<script type=\"application\/ld+json\" class=\"yoast-schema-graph\">{\"@context\":\"https:\/\/schema.org\",\"@graph\":[{\"@type\":\"WebSite\",\"@id\":\"https:\/\/www.colocolofs.es\/web\/#website\",\"url\":\"https:\/\/www.colocolofs.es\/web\/\",\"name\":\"Entrerr\\u00edos Automatizaci\\u00f3n\",\"description\":\"Web oficial\",\"potentialAction\":[{\"@type\":\"SearchAction\",\"target\":\"https:\/\/www.colocolofs.es\/web\/?s={search_term_string}\",\"query-input\":\"required name=search_term_string\"}],\"inLanguage\":\"es\"},{\"@type\":\"ImageObject\",\"@id\":\"https:\/\/www.colocolofs.es\/web\/leire-pazos-continuara-defendiendo-la-porteria-del-entrerrios\/#primaryimage\",\"inLanguage\":\"es\",\"url\":\"https:\/\/www.colocolofs.es\/web\/wp-content\/uploads\/2025\/06\/Leire-Pazos.jpg\",\"width\":1200,\"height\":1200},{\"@type\":\"WebPage\",\"@id\":\"https:\/\/www.colocolofs.es\/web\/leire-pazos-continuara-defendiendo-la-porteria-del-entrerrios\/#webpage\",\"url\":\"https:\/\/www.colocolofs.es\/web\/leire-pazos-continuara-defendiendo-la-porteria-del-entrerrios\/\",\"name\":\"Leire Pazos continuar\\u00e1 defendiendo la porter\\u00eda del Entrerr\\u00edos - Entrerr\\u00edos Automatizaci\\u00f3n\",\"isPartOf\":{\"@id\":\"https:\/\/www.colocolofs.es\/web\/#website\"},\"primaryImageOfPage\":{\"@id\":\"https:\/\/www.colocolofs.es\/web\/leire-pazos-continuara-defendiendo-la-porteria-del-entrerrios\/#primaryimage\"},\"datePublished\":\"2025-06-23T20:20:31+00:00\",\"dateModified\":\"2025-06-23T20:20:37+00:00\",\"author\":{\"@id\":\"https:\/\/www.colocolofs.es\/web\/#\/schema\/person\/1be91002ad639bd282f9d860b6eb7584\"},\"inLanguage\":\"es\",\"potentialAction\":[{\"@type\":\"ReadAction\",\"target\":[\"https:\/\/www.colocolofs.es\/web\/leire-pazos-continuara-defendiendo-la-porteria-del-entrerrios\/\"]}]},{\"@type\":[\"Person\"],\"@id\":\"https:\/\/www.colocolofs.es\/web\/#\/schema\/person\/1be91002ad639bd282f9d860b6eb7584\",\"name\":\"admin\"}]}<\/script>\n<!-- \/ Yoast SEO plugin. -->","_links":{"self":[{"href":"https:\/\/www.colocolofs.es\/web\/wp-json\/wp\/v2\/posts\/23408","targetHints":{"allow":["GET"]}}],"collection":[{"href":"https:\/\/www.colocolofs.es\/web\/wp-json\/wp\/v2\/posts"}],"about":[{"href":"https:\/\/www.colocolofs.es\/web\/wp-json\/wp\/v2\/types\/post"}],"author":[{"embeddable":true,"href":"https:\/\/www.colocolofs.es\/web\/wp-json\/wp\/v2\/users\/1"}],"replies":[{"embeddable":true,"href":"https:\/\/www.colocolofs.es\/web\/wp-json\/wp\/v2\/comments?post=23408"}],"version-history":[{"count":1,"href":"https:\/\/www.colocolofs.es\/web\/wp-json\/wp\/v2\/posts\/23408\/revisions"}],"predecessor-version":[{"id":23410,"href":"https:\/\/www.colocolofs.es\/web\/wp-json\/wp\/v2\/posts\/23408\/revisions\/23410"}],"wp:featuredmedia":[{"embeddable":true,"href":"https:\/\/www.colocolofs.es\/web\/wp-json\/wp\/v2\/media\/23409"}],"wp:attachment":[{"href":"https:\/\/www.colocolofs.es\/web\/wp-json\/wp\/v2\/media?parent=23408"}],"wp:term":[{"taxonomy":"category","embeddable":true,"href":"https:\/\/www.colocolofs.es\/web\/wp-json\/wp\/v2\/categories?post=23408"},{"taxonomy":"post_tag","embeddable":true,"href":"https:\/\/www.colocolofs.es\/web\/wp-json\/wp\/v2\/tags?post=23408"}],"curies":[{"name":"wp","href":"https:\/\/api.w.org\/{rel}","templated":true}]}}