{"id":23822,"date":"2025-09-27T07:35:17","date_gmt":"2025-09-27T07:35:17","guid":{"rendered":"https:\/\/www.colocolofs.es\/web\/?p=23822"},"modified":"2025-09-27T07:35:25","modified_gmt":"2025-09-27T07:35:25","slug":"duelo-de-bronce-zaragozano","status":"publish","type":"post","link":"https:\/\/www.colocolofs.es\/web\/duelo-de-bronce-zaragozano\/","title":{"rendered":"Duelo de bronce zaragozano"},"content":{"rendered":"\n<p>El domingo 28 de septiembre, a las 12:00 horas, el Pabell\u00f3n de San Braulio acoge el partido entre el Entrerr\u00edos Automatizaci\u00f3n \u2018B\u2019 y el Cadrete Forjas Casado.<\/p>\n\n\n\n<p>El filial azul\u00f3n no ha podido arrancar la temporada con buen pie ya que ha perdido en los dos partidos que ha disputado hasta ahora, contra Villa de Ribafrecha y a domicilio en Zierbena.&nbsp;<\/p>\n\n\n\n<p>Pese a esos dos resultados adversos, el equipo dirigido por Samu Garc\u00eda mantiene la confianza intacta y se muestra con ganas y ambici\u00f3n de competir lo mejor posible para poder sumar.&nbsp;<\/p>\n\n\n\n<p>V\u00edctor P\u00e9rez considera que les est\u00e1 faltando \u00abexperiencia al ser un equipo tan joven y en una categor\u00eda como la Segunda &#8216;B&#8217; no podemos perdonar\u00bb. El &#8217;11&#8217; azul\u00f3n deja claro que afrontan el duelo ante Cadrete \u00abcon muchas ganas de competir\u00bb y apuesta a que la clave para ganar ser\u00e1 \u00abdar el 100% y ser un equipo\u00bb.<\/p>\n\n\n\n<p>El Cadrete Forjas Casado se estrena en Segunda Divisi\u00f3n \u2018B\u2019 y lo hace con jugadores con experiencia en categor\u00edas nacionales, varios de ellos con pasado en nuestro club como Alejandro Pasam\u00f3n, Sergio Eguiz\u00e1bal y \u00d3scar Chaparro. Llegan de vencer 7-2 a La Pastora Sala Quinto, despu\u00e9s de perder en la primera jornada en la pista del Albelda.<\/p>\n","protected":false},"excerpt":{"rendered":"<p>El domingo 28 de septiembre, a las 12:00 horas, el Pabell\u00f3n de San Braulio acoge el partido entre el Entrerr\u00edos Automatizaci\u00f3n \u2018B\u2019 y el Cadrete Forjas Casado. El filial azul\u00f3n no ha podido arrancar la temporada con buen pie ya que ha perdido en los dos partidos que ha disputado hasta ahora, contra Villa de [&hellip;]<\/p>\n","protected":false},"author":1,"featured_media":23823,"comment_status":"closed","ping_status":"closed","sticky":false,"template":"","format":"standard","meta":{"footnotes":""},"categories":[14],"tags":[],"class_list":["post-23822","post","type-post","status-publish","format-standard","has-post-thumbnail","hentry","category-filial"],"jetpack_featured_media_url":"https:\/\/www.colocolofs.es\/web\/wp-content\/uploads\/2025\/09\/5M5A4054-scaled.jpg","yoast_head":"<!-- This site is optimized with the Yoast SEO plugin v14.4.1 - https:\/\/yoast.com\/wordpress\/plugins\/seo\/ -->\n<title>Duelo de bronce zaragozano - Entrerr\u00edos Automatizaci\u00f3n<\/title>\n<meta name=\"robots\" content=\"index, follow\" \/>\n<meta name=\"googlebot\" content=\"index, follow, max-snippet:-1, max-image-preview:large, max-video-preview:-1\" \/>\n<meta name=\"bingbot\" content=\"index, follow, max-snippet:-1, max-image-preview:large, max-video-preview:-1\" \/>\n<link rel=\"canonical\" href=\"https:\/\/www.colocolofs.es\/web\/duelo-de-bronce-zaragozano\/\" \/>\n<meta property=\"og:locale\" content=\"es_ES\" \/>\n<meta property=\"og:type\" content=\"article\" \/>\n<meta property=\"og:title\" content=\"Duelo de bronce zaragozano - Entrerr\u00edos Automatizaci\u00f3n\" \/>\n<meta property=\"og:description\" content=\"El domingo 28 de septiembre, a las 12:00 horas, el Pabell\u00f3n de San Braulio acoge el partido entre el Entrerr\u00edos Automatizaci\u00f3n \u2018B\u2019 y el Cadrete Forjas Casado. El filial azul\u00f3n no ha podido arrancar la temporada con buen pie ya que ha perdido en los dos partidos que ha disputado hasta ahora, contra Villa de [&hellip;]\" \/>\n<meta property=\"og:url\" content=\"https:\/\/www.colocolofs.es\/web\/duelo-de-bronce-zaragozano\/\" \/>\n<meta property=\"og:site_name\" content=\"Entrerr\u00edos Automatizaci\u00f3n\" \/>\n<meta property=\"article:published_time\" content=\"2025-09-27T07:35:17+00:00\" \/>\n<meta property=\"article:modified_time\" content=\"2025-09-27T07:35:25+00:00\" \/>\n<meta property=\"og:image\" content=\"https:\/\/www.colocolofs.es\/web\/wp-content\/uploads\/2025\/09\/5M5A4054-scaled.jpg\" \/>\n\t<meta property=\"og:image:width\" content=\"2560\" \/>\n\t<meta property=\"og:image:height\" content=\"1928\" \/>\n<meta name=\"twitter:card\" content=\"summary_large_image\" \/>\n<script type=\"application\/ld+json\" class=\"yoast-schema-graph\">{\"@context\":\"https:\/\/schema.org\",\"@graph\":[{\"@type\":\"WebSite\",\"@id\":\"https:\/\/www.colocolofs.es\/web\/#website\",\"url\":\"https:\/\/www.colocolofs.es\/web\/\",\"name\":\"Entrerr\\u00edos Automatizaci\\u00f3n\",\"description\":\"Web oficial\",\"potentialAction\":[{\"@type\":\"SearchAction\",\"target\":\"https:\/\/www.colocolofs.es\/web\/?s={search_term_string}\",\"query-input\":\"required name=search_term_string\"}],\"inLanguage\":\"es\"},{\"@type\":\"ImageObject\",\"@id\":\"https:\/\/www.colocolofs.es\/web\/duelo-de-bronce-zaragozano\/#primaryimage\",\"inLanguage\":\"es\",\"url\":\"https:\/\/www.colocolofs.es\/web\/wp-content\/uploads\/2025\/09\/5M5A4054-scaled.jpg\",\"width\":2560,\"height\":1928},{\"@type\":\"WebPage\",\"@id\":\"https:\/\/www.colocolofs.es\/web\/duelo-de-bronce-zaragozano\/#webpage\",\"url\":\"https:\/\/www.colocolofs.es\/web\/duelo-de-bronce-zaragozano\/\",\"name\":\"Duelo de bronce zaragozano - Entrerr\\u00edos Automatizaci\\u00f3n\",\"isPartOf\":{\"@id\":\"https:\/\/www.colocolofs.es\/web\/#website\"},\"primaryImageOfPage\":{\"@id\":\"https:\/\/www.colocolofs.es\/web\/duelo-de-bronce-zaragozano\/#primaryimage\"},\"datePublished\":\"2025-09-27T07:35:17+00:00\",\"dateModified\":\"2025-09-27T07:35:25+00:00\",\"author\":{\"@id\":\"https:\/\/www.colocolofs.es\/web\/#\/schema\/person\/1be91002ad639bd282f9d860b6eb7584\"},\"inLanguage\":\"es\",\"potentialAction\":[{\"@type\":\"ReadAction\",\"target\":[\"https:\/\/www.colocolofs.es\/web\/duelo-de-bronce-zaragozano\/\"]}]},{\"@type\":[\"Person\"],\"@id\":\"https:\/\/www.colocolofs.es\/web\/#\/schema\/person\/1be91002ad639bd282f9d860b6eb7584\",\"name\":\"admin\"}]}<\/script>\n<!-- \/ Yoast SEO plugin. -->","_links":{"self":[{"href":"https:\/\/www.colocolofs.es\/web\/wp-json\/wp\/v2\/posts\/23822","targetHints":{"allow":["GET"]}}],"collection":[{"href":"https:\/\/www.colocolofs.es\/web\/wp-json\/wp\/v2\/posts"}],"about":[{"href":"https:\/\/www.colocolofs.es\/web\/wp-json\/wp\/v2\/types\/post"}],"author":[{"embeddable":true,"href":"https:\/\/www.colocolofs.es\/web\/wp-json\/wp\/v2\/users\/1"}],"replies":[{"embeddable":true,"href":"https:\/\/www.colocolofs.es\/web\/wp-json\/wp\/v2\/comments?post=23822"}],"version-history":[{"count":1,"href":"https:\/\/www.colocolofs.es\/web\/wp-json\/wp\/v2\/posts\/23822\/revisions"}],"predecessor-version":[{"id":23824,"href":"https:\/\/www.colocolofs.es\/web\/wp-json\/wp\/v2\/posts\/23822\/revisions\/23824"}],"wp:featuredmedia":[{"embeddable":true,"href":"https:\/\/www.colocolofs.es\/web\/wp-json\/wp\/v2\/media\/23823"}],"wp:attachment":[{"href":"https:\/\/www.colocolofs.es\/web\/wp-json\/wp\/v2\/media?parent=23822"}],"wp:term":[{"taxonomy":"category","embeddable":true,"href":"https:\/\/www.colocolofs.es\/web\/wp-json\/wp\/v2\/categories?post=23822"},{"taxonomy":"post_tag","embeddable":true,"href":"https:\/\/www.colocolofs.es\/web\/wp-json\/wp\/v2\/tags?post=23822"}],"curies":[{"name":"wp","href":"https:\/\/api.w.org\/{rel}","templated":true}]}}