{"id":25455,"date":"2026-04-27T20:05:43","date_gmt":"2026-04-27T20:05:43","guid":{"rendered":"https:\/\/www.colocolofs.es\/web\/?p=25455"},"modified":"2026-04-27T20:06:10","modified_gmt":"2026-04-27T20:06:10","slug":"maria-mallor-debuta-con-la-sub-19-de-espana","status":"publish","type":"post","link":"https:\/\/www.colocolofs.es\/web\/maria-mallor-debuta-con-la-sub-19-de-espana\/","title":{"rendered":"Mar\u00eda Mallor debuta con la Sub-19 de Espa\u00f1a"},"content":{"rendered":"\n<p>Mar\u00eda Mallor debut\u00f3 con la Selecci\u00f3n Sub-19 de Espa\u00f1a el 21 de abril, en el partido amistoso contra Portugal disputado en Sanxenxo (5-2). <\/p>\n\n\n\n<p>La jugadora del Entrerr\u00edos Automatizaci\u00f3n cont\u00f3 con minutos en ese encuentro, y tambi\u00e9n en el del d\u00eda 22 tambi\u00e9n frente al combinado luso en Poio, y donde Espa\u00f1a repiti\u00f3 triunfo por 3-1.<\/p>\n\n\n\n<p>\u00a1Enhorabuena, Mar\u00eda!<\/p>\n","protected":false},"excerpt":{"rendered":"<p>Mar\u00eda Mallor debut\u00f3 con la Selecci\u00f3n Sub-19 de Espa\u00f1a el 21 de abril, en el partido amistoso contra Portugal disputado en Sanxenxo (5-2). La jugadora del Entrerr\u00edos Automatizaci\u00f3n cont\u00f3 con minutos en ese encuentro, y tambi\u00e9n en el del d\u00eda 22 tambi\u00e9n frente al combinado luso en Poio, y donde Espa\u00f1a repiti\u00f3 triunfo por 3-1. [&hellip;]<\/p>\n","protected":false},"author":1,"featured_media":25456,"comment_status":"closed","ping_status":"closed","sticky":false,"template":"","format":"standard","meta":{"footnotes":""},"categories":[8],"tags":[],"class_list":["post-25455","post","type-post","status-publish","format-standard","has-post-thumbnail","hentry","category-colo-colo-femenino"],"jetpack_featured_media_url":"https:\/\/www.colocolofs.es\/web\/wp-content\/uploads\/2026\/04\/WhatsApp-Image-2026-04-22-at-21.05.39.jpeg","yoast_head":"<!-- This site is optimized with the Yoast SEO plugin v14.4.1 - https:\/\/yoast.com\/wordpress\/plugins\/seo\/ -->\n<title>Mar\u00eda Mallor debuta con la Sub-19 de Espa\u00f1a - Entrerr\u00edos Automatizaci\u00f3n<\/title>\n<meta name=\"robots\" content=\"index, follow\" \/>\n<meta name=\"googlebot\" content=\"index, follow, max-snippet:-1, max-image-preview:large, max-video-preview:-1\" \/>\n<meta name=\"bingbot\" content=\"index, follow, max-snippet:-1, max-image-preview:large, max-video-preview:-1\" \/>\n<link rel=\"canonical\" href=\"https:\/\/www.colocolofs.es\/web\/maria-mallor-debuta-con-la-sub-19-de-espana\/\" \/>\n<meta property=\"og:locale\" content=\"es_ES\" \/>\n<meta property=\"og:type\" content=\"article\" \/>\n<meta property=\"og:title\" content=\"Mar\u00eda Mallor debuta con la Sub-19 de Espa\u00f1a - Entrerr\u00edos Automatizaci\u00f3n\" \/>\n<meta property=\"og:description\" content=\"Mar\u00eda Mallor debut\u00f3 con la Selecci\u00f3n Sub-19 de Espa\u00f1a el 21 de abril, en el partido amistoso contra Portugal disputado en Sanxenxo (5-2). La jugadora del Entrerr\u00edos Automatizaci\u00f3n cont\u00f3 con minutos en ese encuentro, y tambi\u00e9n en el del d\u00eda 22 tambi\u00e9n frente al combinado luso en Poio, y donde Espa\u00f1a repiti\u00f3 triunfo por 3-1. [&hellip;]\" \/>\n<meta property=\"og:url\" content=\"https:\/\/www.colocolofs.es\/web\/maria-mallor-debuta-con-la-sub-19-de-espana\/\" \/>\n<meta property=\"og:site_name\" content=\"Entrerr\u00edos Automatizaci\u00f3n\" \/>\n<meta property=\"article:published_time\" content=\"2026-04-27T20:05:43+00:00\" \/>\n<meta property=\"article:modified_time\" content=\"2026-04-27T20:06:10+00:00\" \/>\n<meta property=\"og:image\" content=\"https:\/\/www.colocolofs.es\/web\/wp-content\/uploads\/2026\/04\/WhatsApp-Image-2026-04-22-at-21.05.39.jpeg\" \/>\n\t<meta property=\"og:image:width\" content=\"2048\" \/>\n\t<meta property=\"og:image:height\" content=\"1366\" \/>\n<meta name=\"twitter:card\" content=\"summary_large_image\" \/>\n<script type=\"application\/ld+json\" class=\"yoast-schema-graph\">{\"@context\":\"https:\/\/schema.org\",\"@graph\":[{\"@type\":\"WebSite\",\"@id\":\"https:\/\/www.colocolofs.es\/web\/#website\",\"url\":\"https:\/\/www.colocolofs.es\/web\/\",\"name\":\"Entrerr\\u00edos Automatizaci\\u00f3n\",\"description\":\"Web oficial\",\"potentialAction\":[{\"@type\":\"SearchAction\",\"target\":\"https:\/\/www.colocolofs.es\/web\/?s={search_term_string}\",\"query-input\":\"required name=search_term_string\"}],\"inLanguage\":\"es\"},{\"@type\":\"ImageObject\",\"@id\":\"https:\/\/www.colocolofs.es\/web\/maria-mallor-debuta-con-la-sub-19-de-espana\/#primaryimage\",\"inLanguage\":\"es\",\"url\":\"https:\/\/www.colocolofs.es\/web\/wp-content\/uploads\/2026\/04\/WhatsApp-Image-2026-04-22-at-21.05.39.jpeg\",\"width\":2048,\"height\":1366},{\"@type\":\"WebPage\",\"@id\":\"https:\/\/www.colocolofs.es\/web\/maria-mallor-debuta-con-la-sub-19-de-espana\/#webpage\",\"url\":\"https:\/\/www.colocolofs.es\/web\/maria-mallor-debuta-con-la-sub-19-de-espana\/\",\"name\":\"Mar\\u00eda Mallor debuta con la Sub-19 de Espa\\u00f1a - Entrerr\\u00edos Automatizaci\\u00f3n\",\"isPartOf\":{\"@id\":\"https:\/\/www.colocolofs.es\/web\/#website\"},\"primaryImageOfPage\":{\"@id\":\"https:\/\/www.colocolofs.es\/web\/maria-mallor-debuta-con-la-sub-19-de-espana\/#primaryimage\"},\"datePublished\":\"2026-04-27T20:05:43+00:00\",\"dateModified\":\"2026-04-27T20:06:10+00:00\",\"author\":{\"@id\":\"https:\/\/www.colocolofs.es\/web\/#\/schema\/person\/1be91002ad639bd282f9d860b6eb7584\"},\"inLanguage\":\"es\",\"potentialAction\":[{\"@type\":\"ReadAction\",\"target\":[\"https:\/\/www.colocolofs.es\/web\/maria-mallor-debuta-con-la-sub-19-de-espana\/\"]}]},{\"@type\":[\"Person\"],\"@id\":\"https:\/\/www.colocolofs.es\/web\/#\/schema\/person\/1be91002ad639bd282f9d860b6eb7584\",\"name\":\"admin\"}]}<\/script>\n<!-- \/ Yoast SEO plugin. -->","_links":{"self":[{"href":"https:\/\/www.colocolofs.es\/web\/wp-json\/wp\/v2\/posts\/25455","targetHints":{"allow":["GET"]}}],"collection":[{"href":"https:\/\/www.colocolofs.es\/web\/wp-json\/wp\/v2\/posts"}],"about":[{"href":"https:\/\/www.colocolofs.es\/web\/wp-json\/wp\/v2\/types\/post"}],"author":[{"embeddable":true,"href":"https:\/\/www.colocolofs.es\/web\/wp-json\/wp\/v2\/users\/1"}],"replies":[{"embeddable":true,"href":"https:\/\/www.colocolofs.es\/web\/wp-json\/wp\/v2\/comments?post=25455"}],"version-history":[{"count":1,"href":"https:\/\/www.colocolofs.es\/web\/wp-json\/wp\/v2\/posts\/25455\/revisions"}],"predecessor-version":[{"id":25457,"href":"https:\/\/www.colocolofs.es\/web\/wp-json\/wp\/v2\/posts\/25455\/revisions\/25457"}],"wp:featuredmedia":[{"embeddable":true,"href":"https:\/\/www.colocolofs.es\/web\/wp-json\/wp\/v2\/media\/25456"}],"wp:attachment":[{"href":"https:\/\/www.colocolofs.es\/web\/wp-json\/wp\/v2\/media?parent=25455"}],"wp:term":[{"taxonomy":"category","embeddable":true,"href":"https:\/\/www.colocolofs.es\/web\/wp-json\/wp\/v2\/categories?post=25455"},{"taxonomy":"post_tag","embeddable":true,"href":"https:\/\/www.colocolofs.es\/web\/wp-json\/wp\/v2\/tags?post=25455"}],"curies":[{"name":"wp","href":"https:\/\/api.w.org\/{rel}","templated":true}]}}