{"id":26071,"date":"2026-09-04T11:17:13","date_gmt":"2026-09-04T11:17:13","guid":{"rendered":"https:\/\/www.colocolofs.es\/web\/?p=26071"},"modified":"2026-09-04T22:48:05","modified_gmt":"2026-09-04T22:48:05","slug":"marcos-lorente-se-une-a-la-plantilla-del-entrerrios-automatizacion-b","status":"publish","type":"post","link":"https:\/\/www.colocolofs.es\/web\/marcos-lorente-se-une-a-la-plantilla-del-entrerrios-automatizacion-b\/","title":{"rendered":"Marcos Lorente se une a la plantilla del Entrerr\u00edos Automatizaci\u00f3n \u2018B\u2019"},"content":{"rendered":"\n<p class=\"wp-block-paragraph\">Marcos Lorente estar\u00e1 en la plantilla del Entrerr\u00edos Automatizaci\u00f3n \u2018B\u2019 durante la temporada 2026\/2027.<\/p>\n\n\n\n<p class=\"wp-block-paragraph\">Actualmente se encuentra recuper\u00e1ndose de la grave lesi\u00f3n que sufri\u00f3 en el pasado curso, pero fue una pieza muy importante para los \u00e9xitos del Juvenil Divisi\u00f3n de Honor tanto por su aportaci\u00f3n sobre la pista como fuera de ella tras pasar por quir\u00f3fano.&nbsp;<\/p>\n\n\n\n<p class=\"wp-block-paragraph\">En el curso 2025\/2026 tuvo minutos en cuatro partidos en Segunda Divisi\u00f3n \u2018B\u2019, consiguiendo anotar un gol.<\/p>\n\n\n\n<p class=\"wp-block-paragraph\">Con Marcos Lorente, son trece los jugadores que forman parte del filial dirigido por Sampe, de los cuales ocho han promocionado desde el Juvenil Divisi\u00f3n de Honor.<\/p>\n","protected":false},"excerpt":{"rendered":"<p>Marcos Lorente estar\u00e1 en la plantilla del Entrerr\u00edos Automatizaci\u00f3n \u2018B\u2019 durante la temporada 2026\/2027. Actualmente se encuentra recuper\u00e1ndose de la grave lesi\u00f3n que sufri\u00f3 en el pasado curso, pero fue una pieza muy importante para los \u00e9xitos del Juvenil Divisi\u00f3n de Honor tanto por su aportaci\u00f3n sobre la pista como fuera de ella tras pasar [&hellip;]<\/p>\n","protected":false},"author":1,"featured_media":26073,"comment_status":"closed","ping_status":"closed","sticky":false,"template":"","format":"standard","meta":{"_jetpack_feature_clip_id":0,"_jetpack_memberships_contains_paid_content":false,"footnotes":""},"categories":[14],"tags":[],"class_list":["post-26071","post","type-post","status-publish","format-standard","has-post-thumbnail","hentry","category-filial"],"yoast_head":"<!-- This site is optimized with the Yoast SEO plugin v28.4 - https:\/\/yoast.com\/product\/yoast-seo-wordpress\/ -->\n<title>Marcos Lorente se une a la plantilla del Entrerr\u00edos Automatizaci\u00f3n \u2018B\u2019 - Entrerr\u00edos Automatizaci\u00f3n<\/title>\n<meta name=\"robots\" content=\"index, follow, max-snippet:-1, max-image-preview:large, max-video-preview:-1\" \/>\n<link rel=\"canonical\" href=\"https:\/\/www.colocolofs.es\/web\/marcos-lorente-se-une-a-la-plantilla-del-entrerrios-automatizacion-b\/\" \/>\n<meta property=\"og:locale\" content=\"es_ES\" \/>\n<meta property=\"og:type\" content=\"article\" \/>\n<meta property=\"og:title\" content=\"Marcos Lorente se une a la plantilla del Entrerr\u00edos Automatizaci\u00f3n \u2018B\u2019 - Entrerr\u00edos Automatizaci\u00f3n\" \/>\n<meta property=\"og:description\" content=\"Marcos Lorente estar\u00e1 en la plantilla del Entrerr\u00edos Automatizaci\u00f3n \u2018B\u2019 durante la temporada 2026\/2027. Actualmente se encuentra recuper\u00e1ndose de la grave lesi\u00f3n que sufri\u00f3 en el pasado curso, pero fue una pieza muy importante para los \u00e9xitos del Juvenil Divisi\u00f3n de Honor tanto por su aportaci\u00f3n sobre la pista como fuera de ella tras pasar [&hellip;]\" \/>\n<meta property=\"og:url\" content=\"https:\/\/www.colocolofs.es\/web\/marcos-lorente-se-une-a-la-plantilla-del-entrerrios-automatizacion-b\/\" \/>\n<meta property=\"og:site_name\" content=\"Entrerr\u00edos Automatizaci\u00f3n\" \/>\n<meta property=\"article:published_time\" content=\"2026-09-04T11:17:13+00:00\" \/>\n<meta property=\"article:modified_time\" content=\"2026-09-04T22:48:05+00:00\" \/>\n<meta property=\"og:image\" content=\"https:\/\/www.colocolofs.es\/web\/wp-content\/uploads\/2026\/09\/WhatsApp-Image-2026-09-04-at-13.13.10.jpeg\" \/>\n\t<meta property=\"og:image:width\" content=\"1600\" \/>\n\t<meta property=\"og:image:height\" content=\"1600\" \/>\n\t<meta property=\"og:image:type\" content=\"image\/jpeg\" \/>\n<meta name=\"author\" content=\"admin\" \/>\n<meta name=\"twitter:card\" content=\"summary_large_image\" \/>\n<meta name=\"twitter:creator\" content=\"@entrerriosauto\" \/>\n<meta name=\"twitter:site\" content=\"@entrerriosauto\" \/>\n<meta name=\"twitter:label1\" content=\"Escrito por\" \/>\n\t<meta name=\"twitter:data1\" content=\"admin\" \/>\n\t<meta name=\"twitter:label2\" content=\"Tiempo de lectura\" \/>\n\t<meta name=\"twitter:data2\" content=\"1 minuto\" \/>\n<script type=\"application\/ld+json\" class=\"yoast-schema-graph\">{\"@context\":\"https:\\\/\\\/schema.org\",\"@graph\":[{\"@type\":\"Article\",\"@id\":\"https:\\\/\\\/www.colocolofs.es\\\/web\\\/marcos-lorente-se-une-a-la-plantilla-del-entrerrios-automatizacion-b\\\/#article\",\"isPartOf\":{\"@id\":\"https:\\\/\\\/www.colocolofs.es\\\/web\\\/marcos-lorente-se-une-a-la-plantilla-del-entrerrios-automatizacion-b\\\/\"},\"author\":{\"name\":\"admin\",\"@id\":\"https:\\\/\\\/www.colocolofs.es\\\/web\\\/#\\\/schema\\\/person\\\/1be91002ad639bd282f9d860b6eb7584\"},\"headline\":\"Marcos Lorente se une a la plantilla del Entrerr\u00edos Automatizaci\u00f3n \u2018B\u2019\",\"datePublished\":\"2026-09-04T11:17:13+00:00\",\"dateModified\":\"2026-09-04T22:48:05+00:00\",\"mainEntityOfPage\":{\"@id\":\"https:\\\/\\\/www.colocolofs.es\\\/web\\\/marcos-lorente-se-une-a-la-plantilla-del-entrerrios-automatizacion-b\\\/\"},\"wordCount\":122,\"publisher\":{\"@id\":\"https:\\\/\\\/www.colocolofs.es\\\/web\\\/#organization\"},\"image\":{\"@id\":\"https:\\\/\\\/www.colocolofs.es\\\/web\\\/marcos-lorente-se-une-a-la-plantilla-del-entrerrios-automatizacion-b\\\/#primaryimage\"},\"thumbnailUrl\":\"https:\\\/\\\/www.colocolofs.es\\\/web\\\/wp-content\\\/uploads\\\/2026\\\/09\\\/WhatsApp-Image-2026-09-04-at-13.13.10.jpeg\",\"articleSection\":[\"SEGUNDA DIVISI\u00d3N 'B'\"],\"inLanguage\":\"es\"},{\"@type\":\"WebPage\",\"@id\":\"https:\\\/\\\/www.colocolofs.es\\\/web\\\/marcos-lorente-se-une-a-la-plantilla-del-entrerrios-automatizacion-b\\\/\",\"url\":\"https:\\\/\\\/www.colocolofs.es\\\/web\\\/marcos-lorente-se-une-a-la-plantilla-del-entrerrios-automatizacion-b\\\/\",\"name\":\"Marcos Lorente se une a la plantilla del Entrerr\u00edos Automatizaci\u00f3n \u2018B\u2019 - Entrerr\u00edos Automatizaci\u00f3n\",\"isPartOf\":{\"@id\":\"https:\\\/\\\/www.colocolofs.es\\\/web\\\/#website\"},\"primaryImageOfPage\":{\"@id\":\"https:\\\/\\\/www.colocolofs.es\\\/web\\\/marcos-lorente-se-une-a-la-plantilla-del-entrerrios-automatizacion-b\\\/#primaryimage\"},\"image\":{\"@id\":\"https:\\\/\\\/www.colocolofs.es\\\/web\\\/marcos-lorente-se-une-a-la-plantilla-del-entrerrios-automatizacion-b\\\/#primaryimage\"},\"thumbnailUrl\":\"https:\\\/\\\/www.colocolofs.es\\\/web\\\/wp-content\\\/uploads\\\/2026\\\/09\\\/WhatsApp-Image-2026-09-04-at-13.13.10.jpeg\",\"datePublished\":\"2026-09-04T11:17:13+00:00\",\"dateModified\":\"2026-09-04T22:48:05+00:00\",\"breadcrumb\":{\"@id\":\"https:\\\/\\\/www.colocolofs.es\\\/web\\\/marcos-lorente-se-une-a-la-plantilla-del-entrerrios-automatizacion-b\\\/#breadcrumb\"},\"inLanguage\":\"es\",\"potentialAction\":[{\"@type\":\"ReadAction\",\"target\":[\"https:\\\/\\\/www.colocolofs.es\\\/web\\\/marcos-lorente-se-une-a-la-plantilla-del-entrerrios-automatizacion-b\\\/\"]}]},{\"@type\":\"ImageObject\",\"inLanguage\":\"es\",\"@id\":\"https:\\\/\\\/www.colocolofs.es\\\/web\\\/marcos-lorente-se-une-a-la-plantilla-del-entrerrios-automatizacion-b\\\/#primaryimage\",\"url\":\"https:\\\/\\\/www.colocolofs.es\\\/web\\\/wp-content\\\/uploads\\\/2026\\\/09\\\/WhatsApp-Image-2026-09-04-at-13.13.10.jpeg\",\"contentUrl\":\"https:\\\/\\\/www.colocolofs.es\\\/web\\\/wp-content\\\/uploads\\\/2026\\\/09\\\/WhatsApp-Image-2026-09-04-at-13.13.10.jpeg\",\"width\":1600,\"height\":1600},{\"@type\":\"BreadcrumbList\",\"@id\":\"https:\\\/\\\/www.colocolofs.es\\\/web\\\/marcos-lorente-se-une-a-la-plantilla-del-entrerrios-automatizacion-b\\\/#breadcrumb\",\"itemListElement\":[{\"@type\":\"ListItem\",\"position\":1,\"name\":\"Portada\",\"item\":\"https:\\\/\\\/www.colocolofs.es\\\/web\\\/\"},{\"@type\":\"ListItem\",\"position\":2,\"name\":\"Marcos Lorente se une a la plantilla del Entrerr\u00edos Automatizaci\u00f3n \u2018B\u2019\"}]},{\"@type\":\"WebSite\",\"@id\":\"https:\\\/\\\/www.colocolofs.es\\\/web\\\/#website\",\"url\":\"https:\\\/\\\/www.colocolofs.es\\\/web\\\/\",\"name\":\"Entrerr\u00edos Automatizaci\u00f3n\",\"description\":\"Web oficial\",\"publisher\":{\"@id\":\"https:\\\/\\\/www.colocolofs.es\\\/web\\\/#organization\"},\"potentialAction\":[{\"@type\":\"SearchAction\",\"target\":{\"@type\":\"EntryPoint\",\"urlTemplate\":\"https:\\\/\\\/www.colocolofs.es\\\/web\\\/?s={search_term_string}\"},\"query-input\":{\"@type\":\"PropertyValueSpecification\",\"valueRequired\":true,\"valueName\":\"search_term_string\"}}],\"inLanguage\":\"es\"},{\"@type\":\"Organization\",\"@id\":\"https:\\\/\\\/www.colocolofs.es\\\/web\\\/#organization\",\"name\":\"Entrerr\u00edos Automatizaci\u00f3n\",\"url\":\"https:\\\/\\\/www.colocolofs.es\\\/web\\\/\",\"logo\":{\"@type\":\"ImageObject\",\"inLanguage\":\"es\",\"@id\":\"https:\\\/\\\/www.colocolofs.es\\\/web\\\/#\\\/schema\\\/logo\\\/image\\\/\",\"url\":\"https:\\\/\\\/www.colocolofs.es\\\/web\\\/wp-content\\\/uploads\\\/2026\\\/07\\\/Escudo-fondo-blanco.jpg\",\"contentUrl\":\"https:\\\/\\\/www.colocolofs.es\\\/web\\\/wp-content\\\/uploads\\\/2026\\\/07\\\/Escudo-fondo-blanco.jpg\",\"width\":477,\"height\":486,\"caption\":\"Entrerr\u00edos Automatizaci\u00f3n\"},\"image\":{\"@id\":\"https:\\\/\\\/www.colocolofs.es\\\/web\\\/#\\\/schema\\\/logo\\\/image\\\/\"},\"sameAs\":[\"https:\\\/\\\/x.com\\\/entrerriosauto\",\"https:\\\/\\\/www.instagram.com\\\/entrerriosautomatizacion\\\/\"]},{\"@type\":\"Person\",\"@id\":\"https:\\\/\\\/www.colocolofs.es\\\/web\\\/#\\\/schema\\\/person\\\/1be91002ad639bd282f9d860b6eb7584\",\"name\":\"admin\",\"url\":\"https:\\\/\\\/www.colocolofs.es\\\/web\\\/author\\\/admin\\\/\"}]}<\/script>\n<!-- \/ Yoast SEO plugin. -->","yoast_head_json":{"title":"Marcos Lorente se une a la plantilla del Entrerr\u00edos Automatizaci\u00f3n \u2018B\u2019 - Entrerr\u00edos Automatizaci\u00f3n","robots":{"index":"index","follow":"follow","max-snippet":"max-snippet:-1","max-image-preview":"max-image-preview:large","max-video-preview":"max-video-preview:-1"},"canonical":"https:\/\/www.colocolofs.es\/web\/marcos-lorente-se-une-a-la-plantilla-del-entrerrios-automatizacion-b\/","og_locale":"es_ES","og_type":"article","og_title":"Marcos Lorente se une a la plantilla del Entrerr\u00edos Automatizaci\u00f3n \u2018B\u2019 - Entrerr\u00edos Automatizaci\u00f3n","og_description":"Marcos Lorente estar\u00e1 en la plantilla del Entrerr\u00edos Automatizaci\u00f3n \u2018B\u2019 durante la temporada 2026\/2027. Actualmente se encuentra recuper\u00e1ndose de la grave lesi\u00f3n que sufri\u00f3 en el pasado curso, pero fue una pieza muy importante para los \u00e9xitos del Juvenil Divisi\u00f3n de Honor tanto por su aportaci\u00f3n sobre la pista como fuera de ella tras pasar [&hellip;]","og_url":"https:\/\/www.colocolofs.es\/web\/marcos-lorente-se-une-a-la-plantilla-del-entrerrios-automatizacion-b\/","og_site_name":"Entrerr\u00edos Automatizaci\u00f3n","article_published_time":"2026-09-04T11:17:13+00:00","article_modified_time":"2026-09-04T22:48:05+00:00","og_image":[{"width":1600,"height":1600,"url":"https:\/\/www.colocolofs.es\/web\/wp-content\/uploads\/2026\/09\/WhatsApp-Image-2026-09-04-at-13.13.10.jpeg","type":"image\/jpeg"}],"author":"admin","twitter_card":"summary_large_image","twitter_creator":"@entrerriosauto","twitter_site":"@entrerriosauto","twitter_misc":{"Escrito por":"admin","Tiempo de lectura":"1 minuto"},"schema":{"@context":"https:\/\/schema.org","@graph":[{"@type":"Article","@id":"https:\/\/www.colocolofs.es\/web\/marcos-lorente-se-une-a-la-plantilla-del-entrerrios-automatizacion-b\/#article","isPartOf":{"@id":"https:\/\/www.colocolofs.es\/web\/marcos-lorente-se-une-a-la-plantilla-del-entrerrios-automatizacion-b\/"},"author":{"name":"admin","@id":"https:\/\/www.colocolofs.es\/web\/#\/schema\/person\/1be91002ad639bd282f9d860b6eb7584"},"headline":"Marcos Lorente se une a la plantilla del Entrerr\u00edos Automatizaci\u00f3n \u2018B\u2019","datePublished":"2026-09-04T11:17:13+00:00","dateModified":"2026-09-04T22:48:05+00:00","mainEntityOfPage":{"@id":"https:\/\/www.colocolofs.es\/web\/marcos-lorente-se-une-a-la-plantilla-del-entrerrios-automatizacion-b\/"},"wordCount":122,"publisher":{"@id":"https:\/\/www.colocolofs.es\/web\/#organization"},"image":{"@id":"https:\/\/www.colocolofs.es\/web\/marcos-lorente-se-une-a-la-plantilla-del-entrerrios-automatizacion-b\/#primaryimage"},"thumbnailUrl":"https:\/\/www.colocolofs.es\/web\/wp-content\/uploads\/2026\/09\/WhatsApp-Image-2026-09-04-at-13.13.10.jpeg","articleSection":["SEGUNDA DIVISI\u00d3N 'B'"],"inLanguage":"es"},{"@type":"WebPage","@id":"https:\/\/www.colocolofs.es\/web\/marcos-lorente-se-une-a-la-plantilla-del-entrerrios-automatizacion-b\/","url":"https:\/\/www.colocolofs.es\/web\/marcos-lorente-se-une-a-la-plantilla-del-entrerrios-automatizacion-b\/","name":"Marcos Lorente se une a la plantilla del Entrerr\u00edos Automatizaci\u00f3n \u2018B\u2019 - Entrerr\u00edos Automatizaci\u00f3n","isPartOf":{"@id":"https:\/\/www.colocolofs.es\/web\/#website"},"primaryImageOfPage":{"@id":"https:\/\/www.colocolofs.es\/web\/marcos-lorente-se-une-a-la-plantilla-del-entrerrios-automatizacion-b\/#primaryimage"},"image":{"@id":"https:\/\/www.colocolofs.es\/web\/marcos-lorente-se-une-a-la-plantilla-del-entrerrios-automatizacion-b\/#primaryimage"},"thumbnailUrl":"https:\/\/www.colocolofs.es\/web\/wp-content\/uploads\/2026\/09\/WhatsApp-Image-2026-09-04-at-13.13.10.jpeg","datePublished":"2026-09-04T11:17:13+00:00","dateModified":"2026-09-04T22:48:05+00:00","breadcrumb":{"@id":"https:\/\/www.colocolofs.es\/web\/marcos-lorente-se-une-a-la-plantilla-del-entrerrios-automatizacion-b\/#breadcrumb"},"inLanguage":"es","potentialAction":[{"@type":"ReadAction","target":["https:\/\/www.colocolofs.es\/web\/marcos-lorente-se-une-a-la-plantilla-del-entrerrios-automatizacion-b\/"]}]},{"@type":"ImageObject","inLanguage":"es","@id":"https:\/\/www.colocolofs.es\/web\/marcos-lorente-se-une-a-la-plantilla-del-entrerrios-automatizacion-b\/#primaryimage","url":"https:\/\/www.colocolofs.es\/web\/wp-content\/uploads\/2026\/09\/WhatsApp-Image-2026-09-04-at-13.13.10.jpeg","contentUrl":"https:\/\/www.colocolofs.es\/web\/wp-content\/uploads\/2026\/09\/WhatsApp-Image-2026-09-04-at-13.13.10.jpeg","width":1600,"height":1600},{"@type":"BreadcrumbList","@id":"https:\/\/www.colocolofs.es\/web\/marcos-lorente-se-une-a-la-plantilla-del-entrerrios-automatizacion-b\/#breadcrumb","itemListElement":[{"@type":"ListItem","position":1,"name":"Portada","item":"https:\/\/www.colocolofs.es\/web\/"},{"@type":"ListItem","position":2,"name":"Marcos Lorente se une a la plantilla del Entrerr\u00edos Automatizaci\u00f3n \u2018B\u2019"}]},{"@type":"WebSite","@id":"https:\/\/www.colocolofs.es\/web\/#website","url":"https:\/\/www.colocolofs.es\/web\/","name":"Entrerr\u00edos Automatizaci\u00f3n","description":"Web oficial","publisher":{"@id":"https:\/\/www.colocolofs.es\/web\/#organization"},"potentialAction":[{"@type":"SearchAction","target":{"@type":"EntryPoint","urlTemplate":"https:\/\/www.colocolofs.es\/web\/?s={search_term_string}"},"query-input":{"@type":"PropertyValueSpecification","valueRequired":true,"valueName":"search_term_string"}}],"inLanguage":"es"},{"@type":"Organization","@id":"https:\/\/www.colocolofs.es\/web\/#organization","name":"Entrerr\u00edos Automatizaci\u00f3n","url":"https:\/\/www.colocolofs.es\/web\/","logo":{"@type":"ImageObject","inLanguage":"es","@id":"https:\/\/www.colocolofs.es\/web\/#\/schema\/logo\/image\/","url":"https:\/\/www.colocolofs.es\/web\/wp-content\/uploads\/2026\/07\/Escudo-fondo-blanco.jpg","contentUrl":"https:\/\/www.colocolofs.es\/web\/wp-content\/uploads\/2026\/07\/Escudo-fondo-blanco.jpg","width":477,"height":486,"caption":"Entrerr\u00edos Automatizaci\u00f3n"},"image":{"@id":"https:\/\/www.colocolofs.es\/web\/#\/schema\/logo\/image\/"},"sameAs":["https:\/\/x.com\/entrerriosauto","https:\/\/www.instagram.com\/entrerriosautomatizacion\/"]},{"@type":"Person","@id":"https:\/\/www.colocolofs.es\/web\/#\/schema\/person\/1be91002ad639bd282f9d860b6eb7584","name":"admin","url":"https:\/\/www.colocolofs.es\/web\/author\/admin\/"}]}},"jetpack_sharing_enabled":true,"jetpack_featured_media_url":"https:\/\/www.colocolofs.es\/web\/wp-content\/uploads\/2026\/09\/WhatsApp-Image-2026-09-04-at-13.13.10.jpeg","_links":{"self":[{"href":"https:\/\/www.colocolofs.es\/web\/wp-json\/wp\/v2\/posts\/26071","targetHints":{"allow":["GET"]}}],"collection":[{"href":"https:\/\/www.colocolofs.es\/web\/wp-json\/wp\/v2\/posts"}],"about":[{"href":"https:\/\/www.colocolofs.es\/web\/wp-json\/wp\/v2\/types\/post"}],"author":[{"embeddable":true,"href":"https:\/\/www.colocolofs.es\/web\/wp-json\/wp\/v2\/users\/1"}],"replies":[{"embeddable":true,"href":"https:\/\/www.colocolofs.es\/web\/wp-json\/wp\/v2\/comments?post=26071"}],"version-history":[{"count":3,"href":"https:\/\/www.colocolofs.es\/web\/wp-json\/wp\/v2\/posts\/26071\/revisions"}],"predecessor-version":[{"id":26076,"href":"https:\/\/www.colocolofs.es\/web\/wp-json\/wp\/v2\/posts\/26071\/revisions\/26076"}],"wp:featuredmedia":[{"embeddable":true,"href":"https:\/\/www.colocolofs.es\/web\/wp-json\/wp\/v2\/media\/26073"}],"wp:attachment":[{"href":"https:\/\/www.colocolofs.es\/web\/wp-json\/wp\/v2\/media?parent=26071"}],"wp:term":[{"taxonomy":"category","embeddable":true,"href":"https:\/\/www.colocolofs.es\/web\/wp-json\/wp\/v2\/categories?post=26071"},{"taxonomy":"post_tag","embeddable":true,"href":"https:\/\/www.colocolofs.es\/web\/wp-json\/wp\/v2\/tags?post=26071"}],"curies":[{"name":"wp","href":"https:\/\/api.w.org\/{rel}","templated":true}]}}