{"id":898,"date":"2019-10-28T09:41:15","date_gmt":"2019-10-28T09:41:15","guid":{"rendered":"http:\/\/www.colocolofs.es\/web\/blog\/2019\/10\/28\/mas-de-100-000-personas-han-visto-el-golazo-de-carlos-garcia\/"},"modified":"2020-04-11T15:48:27","modified_gmt":"2020-04-11T15:48:27","slug":"mas-de-100-000-personas-han-visto-el-golazo-de-carlos-garcia","status":"publish","type":"post","link":"https:\/\/www.colocolofs.es\/web\/mas-de-100-000-personas-han-visto-el-golazo-de-carlos-garcia\/","title":{"rendered":"M\u00e1s de 100.000 personas han visto el golazo de Carlos Garc\u00eda"},"content":{"rendered":"<p class=\"text-align-justify\">Carlos Garc\u00eda marc\u00f3 ante el Elche el que, posiblemente, sea el mejor gol de la temporada..<strong>.El \u201821\u2019 del Azulejos Moncayo Colo Colo recuper\u00f3 el bal\u00f3n, se fue hacia la porter\u00eda rival y sorte\u00f3 con un espectacular regate a Kiko para acabar mandando el bal\u00f3n al fondo de la red<\/strong>. Un gol que puso en pie a toda la gente que hab\u00eda en La Granja y que ha dejado boquiabiertos a los amantes del f\u00fatbol sala.<\/p>\n<p class=\"text-align-justify\"><meta charset=\"utf-8\" \/><\/p>\n<p class=\"text-align-justify\" dir=\"ltr\">La difusi\u00f3n del tanto en redes sociales est\u00e1 siendo espectacular: <strong>M\u00e1s de 100.000 personas han visto el v\u00eddeo con el golazo del jugador del Azulejos Moncayo Colo Colo<\/strong>, destacando especialmente las visualizaciones en los canales oficiales de la Liga Nacional de F\u00fatbol Sala: 23.000 en Twitter y 39.760 en Instagram. Cuentas de Instagram como 7futsal (con 222.000 mil seguidores) tambi\u00e9n han publicado el tanto del &#8217;21&#8217; azul\u00f3n.<\/p>\n<p class=\"text-align-justify\" dir=\"ltr\"><strong>Carlos Garc\u00eda reconoce que \u201csiempre hab\u00eda so\u00f1ado con marcar ese gol\u201d<\/strong>. Y cuenta c\u00f3mo se desarroll\u00f3 la jugada: <strong>\u201cEn el momento que robo el bal\u00f3n, me planto ante el portero y veo que puedo hacerlo\u2026\u201d<\/strong>.<\/p>\n<p class=\"text-align-justify\" dir=\"ltr\">Pero\u2026\u00bfLo hab\u00eda practicado?<strong> \u201cEn los entrenamientos siempre hay alg\u00fan momento para probarlo&#8230;Alguna vez en ejercicios con campo reducido lo he intentado. Estas cosas hay que practicarlas, pero durante el partido se te tiene que pasar por la cabeza y ejecutarlo bien\u201d, explica Carlos<\/strong>.<\/p>\n<p class=\"text-align-justify\" dir=\"ltr\">Sobre los aplausos recibidos por La Granja tras el tanto, Carlos muestra su agradecimiento aunque lamenta que el equipo no pudiera sumar los tres puntos: \u201cEs reconfortable recibir esa ovaci\u00f3n, aunque nos hubiera gustado devolverles el cari\u00f1o con una victoria\u201d.<\/p>\n<p><iframe loading=\"lazy\" allow=\"accelerometer; autoplay; encrypted-media; gyroscope; picture-in-picture\" allowfullscreen=\"\" frameborder=\"0\" height=\"315\" src=\"https:\/\/www.youtube.com\/embed\/QJvht3nNM3U\" width=\"560\"><\/iframe><\/p>\n<p><em>Foto: Rub\u00e9n Losada | FotografiArte<\/em><\/p>\n","protected":false},"excerpt":{"rendered":"<p>Carlos Garc\u00eda marc\u00f3 ante el Elche el que, posiblemente, sea el mejor gol de la temporada&#8230;El \u201821\u2019 del Azulejos Moncayo Colo Colo recuper\u00f3 el bal\u00f3n, se fue hacia la porter\u00eda rival y sorte\u00f3 con un espectacular regate a Kiko para acabar mandando el bal\u00f3n al fondo de la red. Un gol que puso en pie [&hellip;]<\/p>\n","protected":false},"author":1,"featured_media":897,"comment_status":"open","ping_status":"open","sticky":false,"template":"","format":"standard","meta":{"footnotes":""},"categories":[5],"tags":[],"class_list":["post-898","post","type-post","status-publish","format-standard","has-post-thumbnail","hentry","category-primer-equipo"],"jetpack_featured_media_url":"https:\/\/www.colocolofs.es\/web\/wp-content\/uploads\/2019\/10\/MG_0847-Large_1.JPG","yoast_head":"<!-- This site is optimized with the Yoast SEO plugin v14.4.1 - https:\/\/yoast.com\/wordpress\/plugins\/seo\/ -->\n<title>M\u00e1s de 100.000 personas han visto el golazo de Carlos Garc\u00eda - Entrerr\u00edos Automatizaci\u00f3n<\/title>\n<meta name=\"robots\" content=\"index, follow\" \/>\n<meta name=\"googlebot\" content=\"index, follow, max-snippet:-1, max-image-preview:large, max-video-preview:-1\" \/>\n<meta name=\"bingbot\" content=\"index, follow, max-snippet:-1, max-image-preview:large, max-video-preview:-1\" \/>\n<link rel=\"canonical\" href=\"http:\/\/www.colocolofs.es\/web\/mas-de-100-000-personas-han-visto-el-golazo-de-carlos-garcia\/\" \/>\n<meta property=\"og:locale\" content=\"es_ES\" \/>\n<meta property=\"og:type\" content=\"article\" \/>\n<meta property=\"og:title\" content=\"M\u00e1s de 100.000 personas han visto el golazo de Carlos Garc\u00eda - Entrerr\u00edos Automatizaci\u00f3n\" \/>\n<meta property=\"og:description\" content=\"Carlos Garc\u00eda marc\u00f3 ante el Elche el que, posiblemente, sea el mejor gol de la temporada...El \u201821\u2019 del Azulejos Moncayo Colo Colo recuper\u00f3 el bal\u00f3n, se fue hacia la porter\u00eda rival y sorte\u00f3 con un espectacular regate a Kiko para acabar mandando el bal\u00f3n al fondo de la red. Un gol que puso en pie [&hellip;]\" \/>\n<meta property=\"og:url\" content=\"http:\/\/www.colocolofs.es\/web\/mas-de-100-000-personas-han-visto-el-golazo-de-carlos-garcia\/\" \/>\n<meta property=\"og:site_name\" content=\"Entrerr\u00edos Automatizaci\u00f3n\" \/>\n<meta property=\"article:published_time\" content=\"2019-10-28T09:41:15+00:00\" \/>\n<meta property=\"article:modified_time\" content=\"2020-04-11T15:48:27+00:00\" \/>\n<meta property=\"og:image\" content=\"https:\/\/www.colocolofs.es\/web\/wp-content\/uploads\/2019\/10\/MG_0847-Large_1.JPG\" \/>\n\t<meta property=\"og:image:width\" content=\"1620\" \/>\n\t<meta property=\"og:image:height\" content=\"1080\" \/>\n<meta name=\"twitter:card\" content=\"summary_large_image\" \/>\n<script type=\"application\/ld+json\" class=\"yoast-schema-graph\">{\"@context\":\"https:\/\/schema.org\",\"@graph\":[{\"@type\":\"WebSite\",\"@id\":\"https:\/\/www.colocolofs.es\/web\/#website\",\"url\":\"https:\/\/www.colocolofs.es\/web\/\",\"name\":\"Entrerr\\u00edos Automatizaci\\u00f3n\",\"description\":\"Web oficial\",\"potentialAction\":[{\"@type\":\"SearchAction\",\"target\":\"https:\/\/www.colocolofs.es\/web\/?s={search_term_string}\",\"query-input\":\"required name=search_term_string\"}],\"inLanguage\":\"es\"},{\"@type\":\"ImageObject\",\"@id\":\"http:\/\/www.colocolofs.es\/web\/mas-de-100-000-personas-han-visto-el-golazo-de-carlos-garcia\/#primaryimage\",\"inLanguage\":\"es\",\"url\":\"https:\/\/www.colocolofs.es\/web\/wp-content\/uploads\/2019\/10\/MG_0847-Large_1.JPG\",\"width\":1620,\"height\":1080,\"caption\":\"M\\u00e1s de 100.000 personas han visto el golazo de Carlos Garc\\u00eda\"},{\"@type\":\"WebPage\",\"@id\":\"http:\/\/www.colocolofs.es\/web\/mas-de-100-000-personas-han-visto-el-golazo-de-carlos-garcia\/#webpage\",\"url\":\"http:\/\/www.colocolofs.es\/web\/mas-de-100-000-personas-han-visto-el-golazo-de-carlos-garcia\/\",\"name\":\"M\\u00e1s de 100.000 personas han visto el golazo de Carlos Garc\\u00eda - Entrerr\\u00edos Automatizaci\\u00f3n\",\"isPartOf\":{\"@id\":\"https:\/\/www.colocolofs.es\/web\/#website\"},\"primaryImageOfPage\":{\"@id\":\"http:\/\/www.colocolofs.es\/web\/mas-de-100-000-personas-han-visto-el-golazo-de-carlos-garcia\/#primaryimage\"},\"datePublished\":\"2019-10-28T09:41:15+00:00\",\"dateModified\":\"2020-04-11T15:48:27+00:00\",\"author\":{\"@id\":\"https:\/\/www.colocolofs.es\/web\/#\/schema\/person\/1be91002ad639bd282f9d860b6eb7584\"},\"inLanguage\":\"es\",\"potentialAction\":[{\"@type\":\"ReadAction\",\"target\":[\"http:\/\/www.colocolofs.es\/web\/mas-de-100-000-personas-han-visto-el-golazo-de-carlos-garcia\/\"]}]},{\"@type\":[\"Person\"],\"@id\":\"https:\/\/www.colocolofs.es\/web\/#\/schema\/person\/1be91002ad639bd282f9d860b6eb7584\",\"name\":\"admin\"}]}<\/script>\n<!-- \/ Yoast SEO plugin. -->","_links":{"self":[{"href":"https:\/\/www.colocolofs.es\/web\/wp-json\/wp\/v2\/posts\/898","targetHints":{"allow":["GET"]}}],"collection":[{"href":"https:\/\/www.colocolofs.es\/web\/wp-json\/wp\/v2\/posts"}],"about":[{"href":"https:\/\/www.colocolofs.es\/web\/wp-json\/wp\/v2\/types\/post"}],"author":[{"embeddable":true,"href":"https:\/\/www.colocolofs.es\/web\/wp-json\/wp\/v2\/users\/1"}],"replies":[{"embeddable":true,"href":"https:\/\/www.colocolofs.es\/web\/wp-json\/wp\/v2\/comments?post=898"}],"version-history":[{"count":1,"href":"https:\/\/www.colocolofs.es\/web\/wp-json\/wp\/v2\/posts\/898\/revisions"}],"predecessor-version":[{"id":10569,"href":"https:\/\/www.colocolofs.es\/web\/wp-json\/wp\/v2\/posts\/898\/revisions\/10569"}],"wp:featuredmedia":[{"embeddable":true,"href":"https:\/\/www.colocolofs.es\/web\/wp-json\/wp\/v2\/media\/897"}],"wp:attachment":[{"href":"https:\/\/www.colocolofs.es\/web\/wp-json\/wp\/v2\/media?parent=898"}],"wp:term":[{"taxonomy":"category","embeddable":true,"href":"https:\/\/www.colocolofs.es\/web\/wp-json\/wp\/v2\/categories?post=898"},{"taxonomy":"post_tag","embeddable":true,"href":"https:\/\/www.colocolofs.es\/web\/wp-json\/wp\/v2\/tags?post=898"}],"curies":[{"name":"wp","href":"https:\/\/api.w.org\/{rel}","templated":true}]}}