{"id":903,"date":"2019-11-01T20:52:43","date_gmt":"2019-11-01T20:52:43","guid":{"rendered":"http:\/\/www.colocolofs.es\/web\/blog\/2019\/11\/01\/derrota-del-azulejos-moncayo-colo-colo-en-santa-isabel\/"},"modified":"2020-04-11T15:48:07","modified_gmt":"2020-04-11T15:48:07","slug":"derrota-del-azulejos-moncayo-colo-colo-en-santa-isabel","status":"publish","type":"post","link":"https:\/\/www.colocolofs.es\/web\/derrota-del-azulejos-moncayo-colo-colo-en-santa-isabel\/","title":{"rendered":"Derrota del Azulejos Moncayo Colo Colo en Santa Isabel"},"content":{"rendered":"<p class=\"text-align-justify\">El Azulejos Moncayo Colo Colo no ha podido puntuar en el partido que le ha enfrentado al Santiago Futsal en Santa Isabel. Pese a que los azulones tomaban la delantera en el luminoso gracias a un gol de \u00c1ngel Gasc\u00f3n, Peerapat lider\u00f3 la remontada local con un &#8216;hat-trick&#8217; e&nbsp;Isma se encargaba de ampliar la ventaja para Santiago. Carlos Garc\u00eda recortaba&nbsp;diferencias, pero el Azulejos Moncayo Colo Colo no pudo marcar m\u00e1s y acab\u00f3 derrotado por 4-2.<\/p>\n<p class=\"text-align-justify\">Arranc\u00f3 el partido con mucha igualdad entre ambos conjuntos y un ritmo alto de juego. <strong>En el minuto cinco, tras la salida de un c\u00f3rner, \u00c1ngel Gasc\u00f3n adelantaba al Azulejos Moncayo Colo Colo con un preciso disparo<\/strong>. Ese gol hizo m\u00e1s mal que bien para los azulones, ya que Santiago Futsal tom\u00f3 la iniciativa del encuentro y <strong>Peerapat devolv\u00eda la igualdad al marcador unos segundos m\u00e1s tarde del tanto de Gasc\u00f3n<\/strong>. Superado el ecuador del primer tiempo, <strong>Peerapat pon\u00eda el 2-1<\/strong>. El Azulejos Moncayo Colo Colo intentaba empatar pero Brais lo evitaba sacando el bal\u00f3n con el pie. Del posible 2-2, se pas\u00f3 al 3-1. <strong>Isma finalizaba con gol una jugada de ataque del Santiago, tras p\u00e9rdida de bal\u00f3n del equipo azul\u00f3n<\/strong>. Pudo recortar diferencias el Azulejos Moncayo Colo Colo antes de llegar al descanso, pero \u00c1ngel Gasc\u00f3n mand\u00f3 el bal\u00f3n al palo en un lanzamiento desde el doble penalti.<\/p>\n<p class=\"text-align-justify\" dir=\"ltr\">El equipo dirigido por Alfonso Rodr\u00edguez dispuso de dos ocasiones a los pocos minutos de empezar la segunda parte pero Brais interven\u00eda, salvando los tantos del Azulejos Moncayo Colo Colo.<strong> En el 22, Peerapat anotaba el cuarto para los locales y el tercero en su cuenta particular<\/strong>. Con un 4-1 en contra, el partido se pon\u00eda muy complicado para los intereses del equipo azul\u00f3n. Pero a\u00fan quedaban muchos minutos por delante y, si algo va en el \u2018ADN\u2019 del Azulejos Moncayo Colo Colo, es que no da ning\u00fan punto por perdido. <strong>Carlos Garc\u00eda mandaba el bal\u00f3n a la escuadra y establec\u00eda el 4-2<\/strong>. Lo segu\u00edan intentando los zaragozanos, desarrollando un buen juego de cinco con portero-jugador pero sin punter\u00eda ante la meta del Santiago por lo que acababa certific\u00e1ndose la tercera derrota del Azulejos Moncayo Colo Colo tras ocho jornadas disputadas.<\/p>\n<p class=\"text-align-justify\" dir=\"ltr\">El pr\u00f3ximo rival, otro equipo gallego: el Noia Portus Apostoli. La cita, el s\u00e1bado 9 de noviembre en La Granja a partir de las 18:20 horas. Ser\u00e1 entonces cuando el Azulejos Moncayo Colo Colo intente retomar la senda de la victoria.<\/p>\n<p class=\"text-align-justify\" dir=\"ltr\"><strong>FICHA T\u00c9CNICA:<\/strong><\/p>\n<p class=\"text-align-justify\" dir=\"ltr\">Santiago Futsal: Brais, Isma, Alberto Mir\u00e1s, Adri\u00e1n y Domingos Xavier. Tambi\u00e9n jugaron: Brian Niebla, Dani Blanco, Iv\u00e1n Beltr\u00e1n, Peerapat.<\/p>\n<p class=\"text-align-justify\" dir=\"ltr\">Azulejos Moncayo Colo Colo: Basmalis,&nbsp; Carlos Garc\u00eda, Pasam\u00f3n, \u00c1ngel Gasc\u00f3n y Muniesa. Tambi\u00e9n jugaron: Diego, Aitor, Chefo, Escarda, Pedro, Conde.<\/p>\n<p class=\"text-align-justify\" dir=\"ltr\">Goles: 0-1, \u00c1. Gasc\u00f3n (m.5) 1-1, Peerapat (m.5) 2-1, Peerapat (m.12) 3-1, Isma (m.16) 4-1, Peerapat (m.22) 4-2, Carlos Garc\u00eda (m.31)<\/p>\n<p class=\"text-align-justify\" dir=\"ltr\">\u00c1rbitros: Jes\u00fas Montero Gal\u00e1n y Navarro Rodr\u00edguez-Villanueva. Por parte de Santiago Futsal vio tarjeta amarilla Domingos Xabier, Alberto Mir\u00e1s, Brian Niebla. Diego Pardo y Chefo fueron amonestados con amarilla en el Azulejos Moncayo Colo Colo.<\/p>\n<p class=\"text-align-justify\" dir=\"ltr\">Incidencias: Partido correspondiente a la jornada 8 de Liga de la Segunda Divisi\u00f3n de la Liga Nacional de F\u00fatbol Sala, disputado en el Pabell\u00f3n de Santa Isabel (Santiago de Compostela).<\/p>\n","protected":false},"excerpt":{"rendered":"<p>El Azulejos Moncayo Colo Colo no ha podido puntuar en el partido que le ha enfrentado al Santiago Futsal en Santa Isabel. Pese a que los azulones tomaban la delantera en el luminoso gracias a un gol de \u00c1ngel Gasc\u00f3n, Peerapat lider\u00f3 la remontada local con un &#8216;hat-trick&#8217; e&nbsp;Isma se encargaba de ampliar la ventaja [&hellip;]<\/p>\n","protected":false},"author":1,"featured_media":902,"comment_status":"open","ping_status":"open","sticky":false,"template":"","format":"standard","meta":{"footnotes":""},"categories":[5],"tags":[],"class_list":["post-903","post","type-post","status-publish","format-standard","has-post-thumbnail","hentry","category-primer-equipo"],"jetpack_featured_media_url":"https:\/\/www.colocolofs.es\/web\/wp-content\/uploads\/2019\/11\/Foto-2.jpeg","yoast_head":"<!-- This site is optimized with the Yoast SEO plugin v14.4.1 - https:\/\/yoast.com\/wordpress\/plugins\/seo\/ -->\n<title>Derrota del Azulejos Moncayo Colo Colo en Santa Isabel - Entrerr\u00edos Automatizaci\u00f3n<\/title>\n<meta name=\"robots\" content=\"index, follow\" \/>\n<meta name=\"googlebot\" content=\"index, follow, max-snippet:-1, max-image-preview:large, max-video-preview:-1\" \/>\n<meta name=\"bingbot\" content=\"index, follow, max-snippet:-1, max-image-preview:large, max-video-preview:-1\" \/>\n<link rel=\"canonical\" href=\"http:\/\/www.colocolofs.es\/web\/derrota-del-azulejos-moncayo-colo-colo-en-santa-isabel\/\" \/>\n<meta property=\"og:locale\" content=\"es_ES\" \/>\n<meta property=\"og:type\" content=\"article\" \/>\n<meta property=\"og:title\" content=\"Derrota del Azulejos Moncayo Colo Colo en Santa Isabel - Entrerr\u00edos Automatizaci\u00f3n\" \/>\n<meta property=\"og:description\" content=\"El Azulejos Moncayo Colo Colo no ha podido puntuar en el partido que le ha enfrentado al Santiago Futsal en Santa Isabel. Pese a que los azulones tomaban la delantera en el luminoso gracias a un gol de \u00c1ngel Gasc\u00f3n, Peerapat lider\u00f3 la remontada local con un &#8216;hat-trick&#8217; e&nbsp;Isma se encargaba de ampliar la ventaja [&hellip;]\" \/>\n<meta property=\"og:url\" content=\"http:\/\/www.colocolofs.es\/web\/derrota-del-azulejos-moncayo-colo-colo-en-santa-isabel\/\" \/>\n<meta property=\"og:site_name\" content=\"Entrerr\u00edos Automatizaci\u00f3n\" \/>\n<meta property=\"article:published_time\" content=\"2019-11-01T20:52:43+00:00\" \/>\n<meta property=\"article:modified_time\" content=\"2020-04-11T15:48:07+00:00\" \/>\n<meta property=\"og:image\" content=\"https:\/\/www.colocolofs.es\/web\/wp-content\/uploads\/2019\/11\/Foto-2.jpeg\" \/>\n\t<meta property=\"og:image:width\" content=\"1179\" \/>\n\t<meta property=\"og:image:height\" content=\"785\" \/>\n<meta name=\"twitter:card\" content=\"summary_large_image\" \/>\n<script type=\"application\/ld+json\" class=\"yoast-schema-graph\">{\"@context\":\"https:\/\/schema.org\",\"@graph\":[{\"@type\":\"WebSite\",\"@id\":\"https:\/\/www.colocolofs.es\/web\/#website\",\"url\":\"https:\/\/www.colocolofs.es\/web\/\",\"name\":\"Entrerr\\u00edos Automatizaci\\u00f3n\",\"description\":\"Web oficial\",\"potentialAction\":[{\"@type\":\"SearchAction\",\"target\":\"https:\/\/www.colocolofs.es\/web\/?s={search_term_string}\",\"query-input\":\"required name=search_term_string\"}],\"inLanguage\":\"es\"},{\"@type\":\"ImageObject\",\"@id\":\"http:\/\/www.colocolofs.es\/web\/derrota-del-azulejos-moncayo-colo-colo-en-santa-isabel\/#primaryimage\",\"inLanguage\":\"es\",\"url\":\"https:\/\/www.colocolofs.es\/web\/wp-content\/uploads\/2019\/11\/Foto-2.jpeg\",\"width\":1179,\"height\":785,\"caption\":\"Derrota del Azulejos Moncayo Colo Colo en Santa Isabel\"},{\"@type\":\"WebPage\",\"@id\":\"http:\/\/www.colocolofs.es\/web\/derrota-del-azulejos-moncayo-colo-colo-en-santa-isabel\/#webpage\",\"url\":\"http:\/\/www.colocolofs.es\/web\/derrota-del-azulejos-moncayo-colo-colo-en-santa-isabel\/\",\"name\":\"Derrota del Azulejos Moncayo Colo Colo en Santa Isabel - Entrerr\\u00edos Automatizaci\\u00f3n\",\"isPartOf\":{\"@id\":\"https:\/\/www.colocolofs.es\/web\/#website\"},\"primaryImageOfPage\":{\"@id\":\"http:\/\/www.colocolofs.es\/web\/derrota-del-azulejos-moncayo-colo-colo-en-santa-isabel\/#primaryimage\"},\"datePublished\":\"2019-11-01T20:52:43+00:00\",\"dateModified\":\"2020-04-11T15:48:07+00:00\",\"author\":{\"@id\":\"https:\/\/www.colocolofs.es\/web\/#\/schema\/person\/1be91002ad639bd282f9d860b6eb7584\"},\"inLanguage\":\"es\",\"potentialAction\":[{\"@type\":\"ReadAction\",\"target\":[\"http:\/\/www.colocolofs.es\/web\/derrota-del-azulejos-moncayo-colo-colo-en-santa-isabel\/\"]}]},{\"@type\":[\"Person\"],\"@id\":\"https:\/\/www.colocolofs.es\/web\/#\/schema\/person\/1be91002ad639bd282f9d860b6eb7584\",\"name\":\"admin\"}]}<\/script>\n<!-- \/ Yoast SEO plugin. -->","_links":{"self":[{"href":"https:\/\/www.colocolofs.es\/web\/wp-json\/wp\/v2\/posts\/903","targetHints":{"allow":["GET"]}}],"collection":[{"href":"https:\/\/www.colocolofs.es\/web\/wp-json\/wp\/v2\/posts"}],"about":[{"href":"https:\/\/www.colocolofs.es\/web\/wp-json\/wp\/v2\/types\/post"}],"author":[{"embeddable":true,"href":"https:\/\/www.colocolofs.es\/web\/wp-json\/wp\/v2\/users\/1"}],"replies":[{"embeddable":true,"href":"https:\/\/www.colocolofs.es\/web\/wp-json\/wp\/v2\/comments?post=903"}],"version-history":[{"count":1,"href":"https:\/\/www.colocolofs.es\/web\/wp-json\/wp\/v2\/posts\/903\/revisions"}],"predecessor-version":[{"id":10564,"href":"https:\/\/www.colocolofs.es\/web\/wp-json\/wp\/v2\/posts\/903\/revisions\/10564"}],"wp:featuredmedia":[{"embeddable":true,"href":"https:\/\/www.colocolofs.es\/web\/wp-json\/wp\/v2\/media\/902"}],"wp:attachment":[{"href":"https:\/\/www.colocolofs.es\/web\/wp-json\/wp\/v2\/media?parent=903"}],"wp:term":[{"taxonomy":"category","embeddable":true,"href":"https:\/\/www.colocolofs.es\/web\/wp-json\/wp\/v2\/categories?post=903"},{"taxonomy":"post_tag","embeddable":true,"href":"https:\/\/www.colocolofs.es\/web\/wp-json\/wp\/v2\/tags?post=903"}],"curies":[{"name":"wp","href":"https:\/\/api.w.org\/{rel}","templated":true}]}}