{"id":907,"date":"2019-11-04T10:14:40","date_gmt":"2019-11-04T10:14:40","guid":{"rendered":"http:\/\/www.colocolofs.es\/web\/blog\/2019\/11\/04\/alfonso-rodriguez-aprovecha-a-toda-su-plantilla\/"},"modified":"2020-04-11T15:47:57","modified_gmt":"2020-04-11T15:47:57","slug":"alfonso-rodriguez-aprovecha-a-toda-su-plantilla","status":"publish","type":"post","link":"https:\/\/www.colocolofs.es\/web\/alfonso-rodriguez-aprovecha-a-toda-su-plantilla\/","title":{"rendered":"Alfonso Rodr\u00edguez aprovecha a toda su plantilla"},"content":{"rendered":"<p class=\"text-align-justify\">Alfonso Rodr\u00edguez, entrenador del Azulejos Moncayo Colo Colo, aprovecha a toda su plantilla. Disputadas ocho jornadas, quince jugadores han tenido minutos, al menos, en un partido.<\/p>\n<p class=\"text-align-justify\">Carlos Garc\u00eda, Aitor, \u00c1ngel Gasc\u00f3n, Pasam\u00f3n, Javier Conde y Muniesa han participado en todos los partidos. Chefo, Diego Pardo y Pedro Monz\u00f3n en siete.&nbsp;<\/p>\n<p class=\"text-align-justify\">Guille ha defendido la porter\u00eda del Colo en seis encuentros,&nbsp;en cinco ocasiones lo ha hecho Santi Basmalis y en cuatro Abel Budr\u00eda.<\/p>\n<p class=\"text-align-justify\">Una lesi\u00f3n ha provocado que Zucho solamente&nbsp;haya podido jugar en dos duelos.&nbsp;<\/p>\n<p class=\"text-align-justify\">Razquin tuvo alg\u00fan minuto contra Rivas, marcando incluso un gol.&nbsp;<\/p>\n<p class=\"text-align-justify\">Y el \u00faltimo en contar para Alfonso Rodr\u00edguez ha sido Jaime Escarda. Una vez superada la lesi\u00f3n que le ha tenido de baja durante varias semanas, el &#8217;23&#8217; azul\u00f3n se estren\u00f3 en Santa Isabel frente a Santiago.<\/p>\n<p class=\"text-align-justify\"><em>Foto: Pedro Luis Serrano<\/em><\/p>\n<p class=\"text-align-justify\">&nbsp;<\/p>\n","protected":false},"excerpt":{"rendered":"<p>Alfonso Rodr\u00edguez, entrenador del Azulejos Moncayo Colo Colo, aprovecha a toda su plantilla. Disputadas ocho jornadas, quince jugadores han tenido minutos, al menos, en un partido. Carlos Garc\u00eda, Aitor, \u00c1ngel Gasc\u00f3n, Pasam\u00f3n, Javier Conde y Muniesa han participado en todos los partidos. Chefo, Diego Pardo y Pedro Monz\u00f3n en siete.&nbsp; Guille ha defendido la porter\u00eda [&hellip;]<\/p>\n","protected":false},"author":1,"featured_media":906,"comment_status":"open","ping_status":"open","sticky":false,"template":"","format":"standard","meta":{"footnotes":""},"categories":[5],"tags":[],"class_list":["post-907","post","type-post","status-publish","format-standard","has-post-thumbnail","hentry","category-primer-equipo"],"jetpack_featured_media_url":"https:\/\/www.colocolofs.es\/web\/wp-content\/uploads\/2019\/11\/foto-1.jpg","yoast_head":"<!-- This site is optimized with the Yoast SEO plugin v14.4.1 - https:\/\/yoast.com\/wordpress\/plugins\/seo\/ -->\n<title>Alfonso Rodr\u00edguez aprovecha a toda su plantilla - Entrerr\u00edos Automatizaci\u00f3n<\/title>\n<meta name=\"robots\" content=\"index, follow\" \/>\n<meta name=\"googlebot\" content=\"index, follow, max-snippet:-1, max-image-preview:large, max-video-preview:-1\" \/>\n<meta name=\"bingbot\" content=\"index, follow, max-snippet:-1, max-image-preview:large, max-video-preview:-1\" \/>\n<link rel=\"canonical\" href=\"http:\/\/www.colocolofs.es\/web\/alfonso-rodriguez-aprovecha-a-toda-su-plantilla\/\" \/>\n<meta property=\"og:locale\" content=\"es_ES\" \/>\n<meta property=\"og:type\" content=\"article\" \/>\n<meta property=\"og:title\" content=\"Alfonso Rodr\u00edguez aprovecha a toda su plantilla - Entrerr\u00edos Automatizaci\u00f3n\" \/>\n<meta property=\"og:description\" content=\"Alfonso Rodr\u00edguez, entrenador del Azulejos Moncayo Colo Colo, aprovecha a toda su plantilla. Disputadas ocho jornadas, quince jugadores han tenido minutos, al menos, en un partido. Carlos Garc\u00eda, Aitor, \u00c1ngel Gasc\u00f3n, Pasam\u00f3n, Javier Conde y Muniesa han participado en todos los partidos. Chefo, Diego Pardo y Pedro Monz\u00f3n en siete.&nbsp; Guille ha defendido la porter\u00eda [&hellip;]\" \/>\n<meta property=\"og:url\" content=\"http:\/\/www.colocolofs.es\/web\/alfonso-rodriguez-aprovecha-a-toda-su-plantilla\/\" \/>\n<meta property=\"og:site_name\" content=\"Entrerr\u00edos Automatizaci\u00f3n\" \/>\n<meta property=\"article:published_time\" content=\"2019-11-04T10:14:40+00:00\" \/>\n<meta property=\"article:modified_time\" content=\"2020-04-11T15:47:57+00:00\" \/>\n<meta property=\"og:image\" content=\"https:\/\/www.colocolofs.es\/web\/wp-content\/uploads\/2019\/11\/foto-1.jpg\" \/>\n\t<meta property=\"og:image:width\" content=\"1200\" \/>\n\t<meta property=\"og:image:height\" content=\"698\" \/>\n<meta name=\"twitter:card\" content=\"summary_large_image\" \/>\n<script type=\"application\/ld+json\" class=\"yoast-schema-graph\">{\"@context\":\"https:\/\/schema.org\",\"@graph\":[{\"@type\":\"WebSite\",\"@id\":\"https:\/\/www.colocolofs.es\/web\/#website\",\"url\":\"https:\/\/www.colocolofs.es\/web\/\",\"name\":\"Entrerr\\u00edos Automatizaci\\u00f3n\",\"description\":\"Web oficial\",\"potentialAction\":[{\"@type\":\"SearchAction\",\"target\":\"https:\/\/www.colocolofs.es\/web\/?s={search_term_string}\",\"query-input\":\"required name=search_term_string\"}],\"inLanguage\":\"es\"},{\"@type\":\"ImageObject\",\"@id\":\"http:\/\/www.colocolofs.es\/web\/alfonso-rodriguez-aprovecha-a-toda-su-plantilla\/#primaryimage\",\"inLanguage\":\"es\",\"url\":\"https:\/\/www.colocolofs.es\/web\/wp-content\/uploads\/2019\/11\/foto-1.jpg\",\"width\":1200,\"height\":698,\"caption\":\"Alfonso Rodr\\u00edguez aprovecha a toda su plantilla\"},{\"@type\":\"WebPage\",\"@id\":\"http:\/\/www.colocolofs.es\/web\/alfonso-rodriguez-aprovecha-a-toda-su-plantilla\/#webpage\",\"url\":\"http:\/\/www.colocolofs.es\/web\/alfonso-rodriguez-aprovecha-a-toda-su-plantilla\/\",\"name\":\"Alfonso Rodr\\u00edguez aprovecha a toda su plantilla - Entrerr\\u00edos Automatizaci\\u00f3n\",\"isPartOf\":{\"@id\":\"https:\/\/www.colocolofs.es\/web\/#website\"},\"primaryImageOfPage\":{\"@id\":\"http:\/\/www.colocolofs.es\/web\/alfonso-rodriguez-aprovecha-a-toda-su-plantilla\/#primaryimage\"},\"datePublished\":\"2019-11-04T10:14:40+00:00\",\"dateModified\":\"2020-04-11T15:47:57+00:00\",\"author\":{\"@id\":\"https:\/\/www.colocolofs.es\/web\/#\/schema\/person\/1be91002ad639bd282f9d860b6eb7584\"},\"inLanguage\":\"es\",\"potentialAction\":[{\"@type\":\"ReadAction\",\"target\":[\"http:\/\/www.colocolofs.es\/web\/alfonso-rodriguez-aprovecha-a-toda-su-plantilla\/\"]}]},{\"@type\":[\"Person\"],\"@id\":\"https:\/\/www.colocolofs.es\/web\/#\/schema\/person\/1be91002ad639bd282f9d860b6eb7584\",\"name\":\"admin\"}]}<\/script>\n<!-- \/ Yoast SEO plugin. -->","_links":{"self":[{"href":"https:\/\/www.colocolofs.es\/web\/wp-json\/wp\/v2\/posts\/907","targetHints":{"allow":["GET"]}}],"collection":[{"href":"https:\/\/www.colocolofs.es\/web\/wp-json\/wp\/v2\/posts"}],"about":[{"href":"https:\/\/www.colocolofs.es\/web\/wp-json\/wp\/v2\/types\/post"}],"author":[{"embeddable":true,"href":"https:\/\/www.colocolofs.es\/web\/wp-json\/wp\/v2\/users\/1"}],"replies":[{"embeddable":true,"href":"https:\/\/www.colocolofs.es\/web\/wp-json\/wp\/v2\/comments?post=907"}],"version-history":[{"count":1,"href":"https:\/\/www.colocolofs.es\/web\/wp-json\/wp\/v2\/posts\/907\/revisions"}],"predecessor-version":[{"id":10560,"href":"https:\/\/www.colocolofs.es\/web\/wp-json\/wp\/v2\/posts\/907\/revisions\/10560"}],"wp:featuredmedia":[{"embeddable":true,"href":"https:\/\/www.colocolofs.es\/web\/wp-json\/wp\/v2\/media\/906"}],"wp:attachment":[{"href":"https:\/\/www.colocolofs.es\/web\/wp-json\/wp\/v2\/media?parent=907"}],"wp:term":[{"taxonomy":"category","embeddable":true,"href":"https:\/\/www.colocolofs.es\/web\/wp-json\/wp\/v2\/categories?post=907"},{"taxonomy":"post_tag","embeddable":true,"href":"https:\/\/www.colocolofs.es\/web\/wp-json\/wp\/v2\/tags?post=907"}],"curies":[{"name":"wp","href":"https:\/\/api.w.org\/{rel}","templated":true}]}}