{"id":922,"date":"2019-11-09T14:03:02","date_gmt":"2019-11-09T14:03:02","guid":{"rendered":"http:\/\/www.colocolofs.es\/web\/blog\/2019\/11\/09\/bajo-aragon-2-6-azulejos-zaragoza-colo-colo-cadete-b\/"},"modified":"2020-04-11T15:46:49","modified_gmt":"2020-04-11T15:46:49","slug":"bajo-aragon-2-6-azulejos-zaragoza-colo-colo-cadete-b","status":"publish","type":"post","link":"https:\/\/www.colocolofs.es\/web\/bajo-aragon-2-6-azulejos-zaragoza-colo-colo-cadete-b\/","title":{"rendered":"Bajo Arag\u00f3n 2-6 Azulejos Zaragoza Colo Colo Cadete &#8216;B&#8217;"},"content":{"rendered":"<p class=\"text-align-justify\">Partido vibrante desde el pitido inicial, con un Colo fuerte en defensa y generoso en ataque, corrigiendo los errores de la semana pasada.<\/p>\n<p class=\"text-align-justify\">En la primera parte nos vamos al descanso con un contundente 0-3 en el marcador, gracias a un gol de Bryan y un doblete de \u00c1lex.<\/p>\n<p class=\"text-align-justify\">En la segunda parte, a pesar de ir por delante del marcador, el Colo no se relaja y sigue con la misma intensidad. El Bajo Arag\u00f3n se vuelca al ataque, intentando reducir la desventaja pero Sergio pone el 0-4. Reacciona el Bajo Arag\u00f3n con portero-jugador y anotan el 1-4.<\/p>\n<p class=\"text-align-justify\">Pero Bryan marca el quinto del Azulejos Zaragoza Colo Colo y el segundo en su cuenta particular, para completar un buen partido. El Bajo Arag\u00f3n logra el 2-5 y V\u00edctor pone el broche de oro a la victoria con el definitivo 2-6.<\/p>\n<p class=\"text-align-justify\">Gran resultado fruto de un gran partido por parte de todos los jugadores.<\/p>\n<p class=\"text-align-justify\"><em>Cr\u00f3nica escrita por Edgar Silva Quintero.<\/em><\/p>\n","protected":false},"excerpt":{"rendered":"<p>Partido vibrante desde el pitido inicial, con un Colo fuerte en defensa y generoso en ataque, corrigiendo los errores de la semana pasada. En la primera parte nos vamos al descanso con un contundente 0-3 en el marcador, gracias a un gol de Bryan y un doblete de \u00c1lex. En la segunda parte, a pesar [&hellip;]<\/p>\n","protected":false},"author":1,"featured_media":921,"comment_status":"open","ping_status":"open","sticky":false,"template":"","format":"standard","meta":{"footnotes":""},"categories":[6],"tags":[],"class_list":["post-922","post","type-post","status-publish","format-standard","has-post-thumbnail","hentry","category-categorias-base"],"jetpack_featured_media_url":"https:\/\/www.colocolofs.es\/web\/wp-content\/uploads\/2019\/11\/WhatsApp-Image-2019-11-09-at-14.40.26.jpeg","yoast_head":"<!-- This site is optimized with the Yoast SEO plugin v14.4.1 - https:\/\/yoast.com\/wordpress\/plugins\/seo\/ -->\n<title>Bajo Arag\u00f3n 2-6 Azulejos Zaragoza Colo Colo Cadete &#039;B&#039; - Entrerr\u00edos Automatizaci\u00f3n<\/title>\n<meta name=\"robots\" content=\"index, follow\" \/>\n<meta name=\"googlebot\" content=\"index, follow, max-snippet:-1, max-image-preview:large, max-video-preview:-1\" \/>\n<meta name=\"bingbot\" content=\"index, follow, max-snippet:-1, max-image-preview:large, max-video-preview:-1\" \/>\n<link rel=\"canonical\" href=\"http:\/\/www.colocolofs.es\/web\/bajo-aragon-2-6-azulejos-zaragoza-colo-colo-cadete-b\/\" \/>\n<meta property=\"og:locale\" content=\"es_ES\" \/>\n<meta property=\"og:type\" content=\"article\" \/>\n<meta property=\"og:title\" content=\"Bajo Arag\u00f3n 2-6 Azulejos Zaragoza Colo Colo Cadete &#039;B&#039; - Entrerr\u00edos Automatizaci\u00f3n\" \/>\n<meta property=\"og:description\" content=\"Partido vibrante desde el pitido inicial, con un Colo fuerte en defensa y generoso en ataque, corrigiendo los errores de la semana pasada. En la primera parte nos vamos al descanso con un contundente 0-3 en el marcador, gracias a un gol de Bryan y un doblete de \u00c1lex. En la segunda parte, a pesar [&hellip;]\" \/>\n<meta property=\"og:url\" content=\"http:\/\/www.colocolofs.es\/web\/bajo-aragon-2-6-azulejos-zaragoza-colo-colo-cadete-b\/\" \/>\n<meta property=\"og:site_name\" content=\"Entrerr\u00edos Automatizaci\u00f3n\" \/>\n<meta property=\"article:published_time\" content=\"2019-11-09T14:03:02+00:00\" \/>\n<meta property=\"article:modified_time\" content=\"2020-04-11T15:46:49+00:00\" \/>\n<meta property=\"og:image\" content=\"https:\/\/www.colocolofs.es\/web\/wp-content\/uploads\/2019\/11\/WhatsApp-Image-2019-11-09-at-14.40.26.jpeg\" \/>\n\t<meta property=\"og:image:width\" content=\"1085\" \/>\n\t<meta property=\"og:image:height\" content=\"872\" \/>\n<meta name=\"twitter:card\" content=\"summary_large_image\" \/>\n<script type=\"application\/ld+json\" class=\"yoast-schema-graph\">{\"@context\":\"https:\/\/schema.org\",\"@graph\":[{\"@type\":\"WebSite\",\"@id\":\"https:\/\/www.colocolofs.es\/web\/#website\",\"url\":\"https:\/\/www.colocolofs.es\/web\/\",\"name\":\"Entrerr\\u00edos Automatizaci\\u00f3n\",\"description\":\"Web oficial\",\"potentialAction\":[{\"@type\":\"SearchAction\",\"target\":\"https:\/\/www.colocolofs.es\/web\/?s={search_term_string}\",\"query-input\":\"required name=search_term_string\"}],\"inLanguage\":\"es\"},{\"@type\":\"ImageObject\",\"@id\":\"http:\/\/www.colocolofs.es\/web\/bajo-aragon-2-6-azulejos-zaragoza-colo-colo-cadete-b\/#primaryimage\",\"inLanguage\":\"es\",\"url\":\"https:\/\/www.colocolofs.es\/web\/wp-content\/uploads\/2019\/11\/WhatsApp-Image-2019-11-09-at-14.40.26.jpeg\",\"width\":1085,\"height\":872,\"caption\":\"Bajo Arag\\u00f3n 2-6 Azulejos Zaragoza Colo Colo Cadete 'B'\"},{\"@type\":\"WebPage\",\"@id\":\"http:\/\/www.colocolofs.es\/web\/bajo-aragon-2-6-azulejos-zaragoza-colo-colo-cadete-b\/#webpage\",\"url\":\"http:\/\/www.colocolofs.es\/web\/bajo-aragon-2-6-azulejos-zaragoza-colo-colo-cadete-b\/\",\"name\":\"Bajo Arag\\u00f3n 2-6 Azulejos Zaragoza Colo Colo Cadete 'B' - Entrerr\\u00edos Automatizaci\\u00f3n\",\"isPartOf\":{\"@id\":\"https:\/\/www.colocolofs.es\/web\/#website\"},\"primaryImageOfPage\":{\"@id\":\"http:\/\/www.colocolofs.es\/web\/bajo-aragon-2-6-azulejos-zaragoza-colo-colo-cadete-b\/#primaryimage\"},\"datePublished\":\"2019-11-09T14:03:02+00:00\",\"dateModified\":\"2020-04-11T15:46:49+00:00\",\"author\":{\"@id\":\"https:\/\/www.colocolofs.es\/web\/#\/schema\/person\/1be91002ad639bd282f9d860b6eb7584\"},\"inLanguage\":\"es\",\"potentialAction\":[{\"@type\":\"ReadAction\",\"target\":[\"http:\/\/www.colocolofs.es\/web\/bajo-aragon-2-6-azulejos-zaragoza-colo-colo-cadete-b\/\"]}]},{\"@type\":[\"Person\"],\"@id\":\"https:\/\/www.colocolofs.es\/web\/#\/schema\/person\/1be91002ad639bd282f9d860b6eb7584\",\"name\":\"admin\"}]}<\/script>\n<!-- \/ Yoast SEO plugin. -->","_links":{"self":[{"href":"https:\/\/www.colocolofs.es\/web\/wp-json\/wp\/v2\/posts\/922","targetHints":{"allow":["GET"]}}],"collection":[{"href":"https:\/\/www.colocolofs.es\/web\/wp-json\/wp\/v2\/posts"}],"about":[{"href":"https:\/\/www.colocolofs.es\/web\/wp-json\/wp\/v2\/types\/post"}],"author":[{"embeddable":true,"href":"https:\/\/www.colocolofs.es\/web\/wp-json\/wp\/v2\/users\/1"}],"replies":[{"embeddable":true,"href":"https:\/\/www.colocolofs.es\/web\/wp-json\/wp\/v2\/comments?post=922"}],"version-history":[{"count":1,"href":"https:\/\/www.colocolofs.es\/web\/wp-json\/wp\/v2\/posts\/922\/revisions"}],"predecessor-version":[{"id":10543,"href":"https:\/\/www.colocolofs.es\/web\/wp-json\/wp\/v2\/posts\/922\/revisions\/10543"}],"wp:featuredmedia":[{"embeddable":true,"href":"https:\/\/www.colocolofs.es\/web\/wp-json\/wp\/v2\/media\/921"}],"wp:attachment":[{"href":"https:\/\/www.colocolofs.es\/web\/wp-json\/wp\/v2\/media?parent=922"}],"wp:term":[{"taxonomy":"category","embeddable":true,"href":"https:\/\/www.colocolofs.es\/web\/wp-json\/wp\/v2\/categories?post=922"},{"taxonomy":"post_tag","embeddable":true,"href":"https:\/\/www.colocolofs.es\/web\/wp-json\/wp\/v2\/tags?post=922"}],"curies":[{"name":"wp","href":"https:\/\/api.w.org\/{rel}","templated":true}]}}