{"id":934,"date":"2019-11-10T18:34:39","date_gmt":"2019-11-10T18:34:39","guid":{"rendered":"http:\/\/www.colocolofs.es\/web\/blog\/2019\/11\/10\/colo-colo-infantil-b-3-1-pirineos-sagrado-corazon\/"},"modified":"2020-04-11T15:45:49","modified_gmt":"2020-04-11T15:45:49","slug":"colo-colo-infantil-b-3-1-pirineos-sagrado-corazon","status":"publish","type":"post","link":"https:\/\/www.colocolofs.es\/web\/colo-colo-infantil-b-3-1-pirineos-sagrado-corazon\/","title":{"rendered":"Colo Colo Infantil &#8216;B&#8217; 3-1 Pirineos Sagrado Coraz\u00f3n"},"content":{"rendered":"<p>Tercera jornada de Liga disputada en La Granja entre el Infantil &#8216;B&#8217; del Colo y el Pirineos Sagrado Coraz\u00f3n.<\/p>\n<p>El partido fue igualado de principio a fin. El buen juego por parte de ambos equipos hizo que se llegara al descanso con empate a uno, siendo Esteban el encargado de marcar para el Colo.<\/p>\n<p>En la segunda mitad, salimos m\u00e1s enchufados que el rival. Nuestra intensidad y la presi\u00f3n arriba decant\u00f3 a nuestro favor el partido en los \u00faltimos minutos, gracias a los goles de Aar\u00f3n Garc\u00eda y Chechi.&nbsp;<\/p>\n<p>Destacar nuestro trabajo defensivo. Tambi\u00e9n la deportividad y el buen juego del rival, ya que se pudo ver un gran partido.<\/p>\n<p>Esta semana seguiremos trabajando para preparar de la mejor forma posible el pr\u00f3ximo encuentro y seguir en esta buena din\u00e1mica. \u00a1VAMOS COLO!<\/p>\n<p><em>Cr\u00f3nica escrita por Jorge Nogueras.<\/em><\/p>\n","protected":false},"excerpt":{"rendered":"<p>Tercera jornada de Liga disputada en La Granja entre el Infantil &#8216;B&#8217; del Colo y el Pirineos Sagrado Coraz\u00f3n. El partido fue igualado de principio a fin. El buen juego por parte de ambos equipos hizo que se llegara al descanso con empate a uno, siendo Esteban el encargado de marcar para el Colo. En [&hellip;]<\/p>\n","protected":false},"author":1,"featured_media":933,"comment_status":"open","ping_status":"open","sticky":false,"template":"","format":"standard","meta":{"footnotes":""},"categories":[6],"tags":[],"class_list":["post-934","post","type-post","status-publish","format-standard","has-post-thumbnail","hentry","category-categorias-base"],"jetpack_featured_media_url":"https:\/\/www.colocolofs.es\/web\/wp-content\/uploads\/2019\/11\/WhatsApp-Image-2019-11-10-at-18.27.53.jpeg","yoast_head":"<!-- This site is optimized with the Yoast SEO plugin v14.4.1 - https:\/\/yoast.com\/wordpress\/plugins\/seo\/ -->\n<title>Colo Colo Infantil &#039;B&#039; 3-1 Pirineos Sagrado Coraz\u00f3n - Entrerr\u00edos Automatizaci\u00f3n<\/title>\n<meta name=\"robots\" content=\"index, follow\" \/>\n<meta name=\"googlebot\" content=\"index, follow, max-snippet:-1, max-image-preview:large, max-video-preview:-1\" \/>\n<meta name=\"bingbot\" content=\"index, follow, max-snippet:-1, max-image-preview:large, max-video-preview:-1\" \/>\n<link rel=\"canonical\" href=\"http:\/\/www.colocolofs.es\/web\/colo-colo-infantil-b-3-1-pirineos-sagrado-corazon\/\" \/>\n<meta property=\"og:locale\" content=\"es_ES\" \/>\n<meta property=\"og:type\" content=\"article\" \/>\n<meta property=\"og:title\" content=\"Colo Colo Infantil &#039;B&#039; 3-1 Pirineos Sagrado Coraz\u00f3n - Entrerr\u00edos Automatizaci\u00f3n\" \/>\n<meta property=\"og:description\" content=\"Tercera jornada de Liga disputada en La Granja entre el Infantil &#8216;B&#8217; del Colo y el Pirineos Sagrado Coraz\u00f3n. El partido fue igualado de principio a fin. El buen juego por parte de ambos equipos hizo que se llegara al descanso con empate a uno, siendo Esteban el encargado de marcar para el Colo. En [&hellip;]\" \/>\n<meta property=\"og:url\" content=\"http:\/\/www.colocolofs.es\/web\/colo-colo-infantil-b-3-1-pirineos-sagrado-corazon\/\" \/>\n<meta property=\"og:site_name\" content=\"Entrerr\u00edos Automatizaci\u00f3n\" \/>\n<meta property=\"article:published_time\" content=\"2019-11-10T18:34:39+00:00\" \/>\n<meta property=\"article:modified_time\" content=\"2020-04-11T15:45:49+00:00\" \/>\n<meta property=\"og:image\" content=\"https:\/\/www.colocolofs.es\/web\/wp-content\/uploads\/2019\/11\/WhatsApp-Image-2019-11-10-at-18.27.53.jpeg\" \/>\n\t<meta property=\"og:image:width\" content=\"1600\" \/>\n\t<meta property=\"og:image:height\" content=\"1200\" \/>\n<meta name=\"twitter:card\" content=\"summary_large_image\" \/>\n<script type=\"application\/ld+json\" class=\"yoast-schema-graph\">{\"@context\":\"https:\/\/schema.org\",\"@graph\":[{\"@type\":\"WebSite\",\"@id\":\"https:\/\/www.colocolofs.es\/web\/#website\",\"url\":\"https:\/\/www.colocolofs.es\/web\/\",\"name\":\"Entrerr\\u00edos Automatizaci\\u00f3n\",\"description\":\"Web oficial\",\"potentialAction\":[{\"@type\":\"SearchAction\",\"target\":\"https:\/\/www.colocolofs.es\/web\/?s={search_term_string}\",\"query-input\":\"required name=search_term_string\"}],\"inLanguage\":\"es\"},{\"@type\":\"ImageObject\",\"@id\":\"http:\/\/www.colocolofs.es\/web\/colo-colo-infantil-b-3-1-pirineos-sagrado-corazon\/#primaryimage\",\"inLanguage\":\"es\",\"url\":\"https:\/\/www.colocolofs.es\/web\/wp-content\/uploads\/2019\/11\/WhatsApp-Image-2019-11-10-at-18.27.53.jpeg\",\"width\":1600,\"height\":1200,\"caption\":\"Colo Colo Infantil 'B' 3-1 Pirineos Sagrado Coraz\\u00f3n\"},{\"@type\":\"WebPage\",\"@id\":\"http:\/\/www.colocolofs.es\/web\/colo-colo-infantil-b-3-1-pirineos-sagrado-corazon\/#webpage\",\"url\":\"http:\/\/www.colocolofs.es\/web\/colo-colo-infantil-b-3-1-pirineos-sagrado-corazon\/\",\"name\":\"Colo Colo Infantil 'B' 3-1 Pirineos Sagrado Coraz\\u00f3n - Entrerr\\u00edos Automatizaci\\u00f3n\",\"isPartOf\":{\"@id\":\"https:\/\/www.colocolofs.es\/web\/#website\"},\"primaryImageOfPage\":{\"@id\":\"http:\/\/www.colocolofs.es\/web\/colo-colo-infantil-b-3-1-pirineos-sagrado-corazon\/#primaryimage\"},\"datePublished\":\"2019-11-10T18:34:39+00:00\",\"dateModified\":\"2020-04-11T15:45:49+00:00\",\"author\":{\"@id\":\"https:\/\/www.colocolofs.es\/web\/#\/schema\/person\/1be91002ad639bd282f9d860b6eb7584\"},\"inLanguage\":\"es\",\"potentialAction\":[{\"@type\":\"ReadAction\",\"target\":[\"http:\/\/www.colocolofs.es\/web\/colo-colo-infantil-b-3-1-pirineos-sagrado-corazon\/\"]}]},{\"@type\":[\"Person\"],\"@id\":\"https:\/\/www.colocolofs.es\/web\/#\/schema\/person\/1be91002ad639bd282f9d860b6eb7584\",\"name\":\"admin\"}]}<\/script>\n<!-- \/ Yoast SEO plugin. -->","_links":{"self":[{"href":"https:\/\/www.colocolofs.es\/web\/wp-json\/wp\/v2\/posts\/934","targetHints":{"allow":["GET"]}}],"collection":[{"href":"https:\/\/www.colocolofs.es\/web\/wp-json\/wp\/v2\/posts"}],"about":[{"href":"https:\/\/www.colocolofs.es\/web\/wp-json\/wp\/v2\/types\/post"}],"author":[{"embeddable":true,"href":"https:\/\/www.colocolofs.es\/web\/wp-json\/wp\/v2\/users\/1"}],"replies":[{"embeddable":true,"href":"https:\/\/www.colocolofs.es\/web\/wp-json\/wp\/v2\/comments?post=934"}],"version-history":[{"count":1,"href":"https:\/\/www.colocolofs.es\/web\/wp-json\/wp\/v2\/posts\/934\/revisions"}],"predecessor-version":[{"id":10531,"href":"https:\/\/www.colocolofs.es\/web\/wp-json\/wp\/v2\/posts\/934\/revisions\/10531"}],"wp:featuredmedia":[{"embeddable":true,"href":"https:\/\/www.colocolofs.es\/web\/wp-json\/wp\/v2\/media\/933"}],"wp:attachment":[{"href":"https:\/\/www.colocolofs.es\/web\/wp-json\/wp\/v2\/media?parent=934"}],"wp:term":[{"taxonomy":"category","embeddable":true,"href":"https:\/\/www.colocolofs.es\/web\/wp-json\/wp\/v2\/categories?post=934"},{"taxonomy":"post_tag","embeddable":true,"href":"https:\/\/www.colocolofs.es\/web\/wp-json\/wp\/v2\/tags?post=934"}],"curies":[{"name":"wp","href":"https:\/\/api.w.org\/{rel}","templated":true}]}}