{"id":938,"date":"2019-11-10T21:03:30","date_gmt":"2019-11-10T21:03:30","guid":{"rendered":"http:\/\/www.colocolofs.es\/web\/blog\/2019\/11\/10\/intersala-promises-3-3-colo-colo-juvenil-autonomica\/"},"modified":"2020-04-11T15:45:33","modified_gmt":"2020-04-11T15:45:33","slug":"intersala-promises-3-3-colo-colo-juvenil-autonomica","status":"publish","type":"post","link":"https:\/\/www.colocolofs.es\/web\/intersala-promises-3-3-colo-colo-juvenil-autonomica\/","title":{"rendered":"Intersala Promises 3-3 Colo Colo Juvenil Auton\u00f3mica"},"content":{"rendered":"<p class=\"text-align-justify\">En la ma\u00f1ana del domingo nos enfrent\u00e1bamos a un duro rival, Intersala, d\u00f3nde la mayor\u00eda de la plantilla son juveniles de tercer a\u00f1o. Se preve\u00eda que ser\u00eda un partido complicado. Ambos equipos nos tenemos mucho respeto al igual que lo tenemos entre los entrenadores.<\/p>\n<p class=\"text-align-justify\">El partido comenzaba a las 12:30. Los nuestros planteamos un partido para jugar cerrados atr\u00e1s y cuando tuvi\u00e9semos la posesi\u00f3n de bal\u00f3n jugar r\u00e1pido para provocar el fallo de los locales. En el minuto 10 en una contra se adelantar\u00eda Intersala. Poco despu\u00e9s Germ\u00e1n dar\u00eda un pase desde la banda al borde del \u00e1rea que Beltr\u00e1n de primeras mandar\u00eda al fondo de la red. A 2 minutos del descanso en otra contra se volver\u00eda adelantar los locales. Pero en la siguiente posesi\u00f3n, en un saque de banda sacado por Germ\u00e1n a Andr\u00e9s y tras un par de paredes \u00e9ste \u00faltimo conseguir\u00eda el empate. Nuestro portero en la primera parte, Edu, hizo un gran papel bajo palos. Con el resultado 2-2 se llegar\u00eda al final de la primera parte.<\/p>\n<p class=\"text-align-justify\">Al poco de empezar la segunda parte nos pitaron un panalti,&nbsp;que no fallar\u00edan y se pondr\u00edan de nuevo por delante en el luminoso. Seguimos creando ocasiones pero el portero de Intersala impidi\u00f3 que el bal\u00f3n entrase. Pablo, nuestro portero tambi\u00e9n hizo muy buen trabajo e hizo que no se agrandase m\u00e1s la diferencia de goles. En el minuto 30 tras una gran jugada colectiva Beltr\u00e1n busca el pase al segundo palo pero lo corta la defensa, con la mala suerte para ellos y buena para nosotros, se mete en propia puerta. Ese resultado de 3-3 se mantendr\u00eda hasta el pitido final. Un resultado justo aunque la victoria se podr\u00eda haber decantado para cualquiera de los equipos. El \u00e1rbitro tambi\u00e9n tuvo un papel importante en el resultado pero&#8230;<\/p>\n<p class=\"text-align-justify\">En definitiva estoy contento con el papel que hemos hecho, con c\u00f3mo ha trabajado cada uno de mis jugadores con los que sigo a muerte con ellos. Con los que voy a seguir trabajando para llegar a nuestro objetivo.<\/p>\n<p class=\"text-align-justify\">Lamentar la lesi\u00f3n de Baez, jugador importante de la plantilla. \u00c1nimo y espero que est\u00e9s de vuelta pronto. \u00a1\u00a1\u00a11, 2, 3 COLO!!!<\/p>\n<p class=\"text-align-justify\"><em>Cr\u00f3nica escrita por David Ruiz.<\/em><\/p>\n","protected":false},"excerpt":{"rendered":"<p>En la ma\u00f1ana del domingo nos enfrent\u00e1bamos a un duro rival, Intersala, d\u00f3nde la mayor\u00eda de la plantilla son juveniles de tercer a\u00f1o. Se preve\u00eda que ser\u00eda un partido complicado. Ambos equipos nos tenemos mucho respeto al igual que lo tenemos entre los entrenadores. El partido comenzaba a las 12:30. Los nuestros planteamos un partido [&hellip;]<\/p>\n","protected":false},"author":1,"featured_media":937,"comment_status":"open","ping_status":"open","sticky":false,"template":"","format":"standard","meta":{"footnotes":""},"categories":[6],"tags":[],"class_list":["post-938","post","type-post","status-publish","format-standard","has-post-thumbnail","hentry","category-categorias-base"],"jetpack_featured_media_url":"https:\/\/www.colocolofs.es\/web\/wp-content\/uploads\/2019\/11\/WhatsApp-Image-2019-11-10-at-22.03.19.jpeg","yoast_head":"<!-- This site is optimized with the Yoast SEO plugin v14.4.1 - https:\/\/yoast.com\/wordpress\/plugins\/seo\/ -->\n<title>Intersala Promises 3-3 Colo Colo Juvenil Auton\u00f3mica - Entrerr\u00edos Automatizaci\u00f3n<\/title>\n<meta name=\"robots\" content=\"index, follow\" \/>\n<meta name=\"googlebot\" content=\"index, follow, max-snippet:-1, max-image-preview:large, max-video-preview:-1\" \/>\n<meta name=\"bingbot\" content=\"index, follow, max-snippet:-1, max-image-preview:large, max-video-preview:-1\" \/>\n<link rel=\"canonical\" href=\"http:\/\/www.colocolofs.es\/web\/intersala-promises-3-3-colo-colo-juvenil-autonomica\/\" \/>\n<meta property=\"og:locale\" content=\"es_ES\" \/>\n<meta property=\"og:type\" content=\"article\" \/>\n<meta property=\"og:title\" content=\"Intersala Promises 3-3 Colo Colo Juvenil Auton\u00f3mica - Entrerr\u00edos Automatizaci\u00f3n\" \/>\n<meta property=\"og:description\" content=\"En la ma\u00f1ana del domingo nos enfrent\u00e1bamos a un duro rival, Intersala, d\u00f3nde la mayor\u00eda de la plantilla son juveniles de tercer a\u00f1o. Se preve\u00eda que ser\u00eda un partido complicado. Ambos equipos nos tenemos mucho respeto al igual que lo tenemos entre los entrenadores. El partido comenzaba a las 12:30. Los nuestros planteamos un partido [&hellip;]\" \/>\n<meta property=\"og:url\" content=\"http:\/\/www.colocolofs.es\/web\/intersala-promises-3-3-colo-colo-juvenil-autonomica\/\" \/>\n<meta property=\"og:site_name\" content=\"Entrerr\u00edos Automatizaci\u00f3n\" \/>\n<meta property=\"article:published_time\" content=\"2019-11-10T21:03:30+00:00\" \/>\n<meta property=\"article:modified_time\" content=\"2020-04-11T15:45:33+00:00\" \/>\n<meta property=\"og:image\" content=\"https:\/\/www.colocolofs.es\/web\/wp-content\/uploads\/2019\/11\/WhatsApp-Image-2019-11-10-at-22.03.19.jpeg\" \/>\n\t<meta property=\"og:image:width\" content=\"1600\" \/>\n\t<meta property=\"og:image:height\" content=\"900\" \/>\n<meta name=\"twitter:card\" content=\"summary_large_image\" \/>\n<script type=\"application\/ld+json\" class=\"yoast-schema-graph\">{\"@context\":\"https:\/\/schema.org\",\"@graph\":[{\"@type\":\"WebSite\",\"@id\":\"https:\/\/www.colocolofs.es\/web\/#website\",\"url\":\"https:\/\/www.colocolofs.es\/web\/\",\"name\":\"Entrerr\\u00edos Automatizaci\\u00f3n\",\"description\":\"Web oficial\",\"potentialAction\":[{\"@type\":\"SearchAction\",\"target\":\"https:\/\/www.colocolofs.es\/web\/?s={search_term_string}\",\"query-input\":\"required name=search_term_string\"}],\"inLanguage\":\"es\"},{\"@type\":\"ImageObject\",\"@id\":\"http:\/\/www.colocolofs.es\/web\/intersala-promises-3-3-colo-colo-juvenil-autonomica\/#primaryimage\",\"inLanguage\":\"es\",\"url\":\"https:\/\/www.colocolofs.es\/web\/wp-content\/uploads\/2019\/11\/WhatsApp-Image-2019-11-10-at-22.03.19.jpeg\",\"width\":1600,\"height\":900,\"caption\":\"Intersala Promises 3-3 Colo Colo Juvenil Auton\\u00f3mica\"},{\"@type\":\"WebPage\",\"@id\":\"http:\/\/www.colocolofs.es\/web\/intersala-promises-3-3-colo-colo-juvenil-autonomica\/#webpage\",\"url\":\"http:\/\/www.colocolofs.es\/web\/intersala-promises-3-3-colo-colo-juvenil-autonomica\/\",\"name\":\"Intersala Promises 3-3 Colo Colo Juvenil Auton\\u00f3mica - Entrerr\\u00edos Automatizaci\\u00f3n\",\"isPartOf\":{\"@id\":\"https:\/\/www.colocolofs.es\/web\/#website\"},\"primaryImageOfPage\":{\"@id\":\"http:\/\/www.colocolofs.es\/web\/intersala-promises-3-3-colo-colo-juvenil-autonomica\/#primaryimage\"},\"datePublished\":\"2019-11-10T21:03:30+00:00\",\"dateModified\":\"2020-04-11T15:45:33+00:00\",\"author\":{\"@id\":\"https:\/\/www.colocolofs.es\/web\/#\/schema\/person\/1be91002ad639bd282f9d860b6eb7584\"},\"inLanguage\":\"es\",\"potentialAction\":[{\"@type\":\"ReadAction\",\"target\":[\"http:\/\/www.colocolofs.es\/web\/intersala-promises-3-3-colo-colo-juvenil-autonomica\/\"]}]},{\"@type\":[\"Person\"],\"@id\":\"https:\/\/www.colocolofs.es\/web\/#\/schema\/person\/1be91002ad639bd282f9d860b6eb7584\",\"name\":\"admin\"}]}<\/script>\n<!-- \/ Yoast SEO plugin. -->","_links":{"self":[{"href":"https:\/\/www.colocolofs.es\/web\/wp-json\/wp\/v2\/posts\/938","targetHints":{"allow":["GET"]}}],"collection":[{"href":"https:\/\/www.colocolofs.es\/web\/wp-json\/wp\/v2\/posts"}],"about":[{"href":"https:\/\/www.colocolofs.es\/web\/wp-json\/wp\/v2\/types\/post"}],"author":[{"embeddable":true,"href":"https:\/\/www.colocolofs.es\/web\/wp-json\/wp\/v2\/users\/1"}],"replies":[{"embeddable":true,"href":"https:\/\/www.colocolofs.es\/web\/wp-json\/wp\/v2\/comments?post=938"}],"version-history":[{"count":1,"href":"https:\/\/www.colocolofs.es\/web\/wp-json\/wp\/v2\/posts\/938\/revisions"}],"predecessor-version":[{"id":10528,"href":"https:\/\/www.colocolofs.es\/web\/wp-json\/wp\/v2\/posts\/938\/revisions\/10528"}],"wp:featuredmedia":[{"embeddable":true,"href":"https:\/\/www.colocolofs.es\/web\/wp-json\/wp\/v2\/media\/937"}],"wp:attachment":[{"href":"https:\/\/www.colocolofs.es\/web\/wp-json\/wp\/v2\/media?parent=938"}],"wp:term":[{"taxonomy":"category","embeddable":true,"href":"https:\/\/www.colocolofs.es\/web\/wp-json\/wp\/v2\/categories?post=938"},{"taxonomy":"post_tag","embeddable":true,"href":"https:\/\/www.colocolofs.es\/web\/wp-json\/wp\/v2\/tags?post=938"}],"curies":[{"name":"wp","href":"https:\/\/api.w.org\/{rel}","templated":true}]}}