{"id":940,"date":"2019-11-11T08:57:14","date_gmt":"2019-11-11T08:57:14","guid":{"rendered":"http:\/\/www.colocolofs.es\/web\/blog\/2019\/11\/11\/javi-conde-el-no-rendirse-es-una-de-las-senas-de-identidad-del-equipo\/"},"modified":"2020-04-11T15:45:29","modified_gmt":"2020-04-11T15:45:29","slug":"javi-conde-el-no-rendirse-es-una-de-las-senas-de-identidad-del-equipo","status":"publish","type":"post","link":"https:\/\/www.colocolofs.es\/web\/javi-conde-el-no-rendirse-es-una-de-las-senas-de-identidad-del-equipo\/","title":{"rendered":"Javi Conde: \u201cEl \u2018no rendirse\u2019 es una de las se\u00f1as de identidad del equipo\u201d"},"content":{"rendered":"<p class=\"text-align-justify\"><meta charset=\"utf-8\" \/>El Azulejos Moncayo Colo Colo sufri\u00f3 ante el Noia Portus Apostoli la segunda derrota seguida en Liga, que deja al equipo azul\u00f3n con un margen de tres puntos con la zona de descenso.<\/p>\n<p class=\"text-align-justify\" dir=\"ltr\">Los jugadores que entrena Alfonso Rodr\u00edguez no pudieron superar al equipo gallego, que se mostr\u00f3 muy contundente en ambas \u00e1reas. Pese a eso, el Azulejos Moncayo Colo Colo estuvo cerca de lograr el empate. <strong>Javier Conde dice que \u201ces un derrota derrota dura ya que ten\u00edamos muchas esperanzas de poder volver a la senda del triunfo y no pudo ser\u201d<\/strong>. El cierre azul\u00f3n, reconoce que el Noia \u201cestuvo m\u00e1s acertado que nosotros y, aunque lo intentamos hasta el \u00faltimo segundo, no fue suficiente para, al menos, conseguir el empate\u201d.<\/p>\n<p class=\"text-align-justify\" dir=\"ltr\">Este resultado provoca que el Azulejos Moncayo Colo Colo ya sume cuatro encuentros seguidos sin conocer la victoria. <strong>Conde es consciente de que \u201cen las \u00faltimas semanas no hemos tenido los resultados que nos hubiera gustado, pero cada partido est\u00e1 muy igualado y se decide por detalles\u201d. Pese a eso, destaca que \u201cel equipo lo da todo en cada partido y el \u2018no rendirse\u2019 es una de las se\u00f1as de identidad que tenemos. Vamos a seguir trabajando al m\u00e1ximo durante la semana para poder llevarnos los tres puntos cada jornada\u201d<\/strong>.<\/p>\n<p class=\"text-align-justify\" dir=\"ltr\">Ahora, los jugadores dirigidos por Alfonso Rodr\u00edguez tienen que afrontar un exigente partido de Copa del Rey ante el Lauburu K.E. Ibarra. <strong>Conde comenta que afrontan el partido \u201ccon ilusi\u00f3n y el optimismo de poder avanzar en esta competici\u00f3n\u201d<\/strong>. Y define al Lauburu K.E. Ibarra como \u201cun gran equipo que lleva muchos a\u00f1os haciendo las cosas muy bien y en su pista es muy fuerte\u201d. Por ello,<strong> espera \u201cun partido muy duro pero en el que daremos todo sobre la pista para volver a Zaragoza con una victoria\u201d<\/strong>.<\/p>\n<p class=\"text-align-justify\" dir=\"ltr\">A nivel personal<strong>, el \u201812\u2019 del Azulejos Moncayo Colo Colo asegura que \u201cintenta aportar lo m\u00e1ximo para ayudar al equipo, tanto en los partidos como en los entrenamientos, y aprender de mis compa\u00f1eros\u201d<\/strong>.&nbsp; Y resalta el cambio de jugar en Tercera Divisi\u00f3n a hacerlo en Segunda: \u201cHe notado un gran cambio con la pasada temporada y, como todo cambio, lleva un proceso\u201d. De aqu\u00ed a final de temporada,<strong> conf\u00eda en \u201cir mejorando cada d\u00eda y poder aportar m\u00e1s\u201d<\/strong>.<\/p>\n","protected":false},"excerpt":{"rendered":"<p>El Azulejos Moncayo Colo Colo sufri\u00f3 ante el Noia Portus Apostoli la segunda derrota seguida en Liga, que deja al equipo azul\u00f3n con un margen de tres puntos con la zona de descenso. Los jugadores que entrena Alfonso Rodr\u00edguez no pudieron superar al equipo gallego, que se mostr\u00f3 muy contundente en ambas \u00e1reas. Pese a [&hellip;]<\/p>\n","protected":false},"author":1,"featured_media":939,"comment_status":"open","ping_status":"open","sticky":false,"template":"","format":"standard","meta":{"footnotes":""},"categories":[5],"tags":[],"class_list":["post-940","post","type-post","status-publish","format-standard","has-post-thumbnail","hentry","category-primer-equipo"],"jetpack_featured_media_url":"https:\/\/www.colocolofs.es\/web\/wp-content\/uploads\/2019\/11\/71754731_2378079942287614_781540127812878336_o.jpg","yoast_head":"<!-- This site is optimized with the Yoast SEO plugin v14.4.1 - https:\/\/yoast.com\/wordpress\/plugins\/seo\/ -->\n<title>Javi Conde: \u201cEl \u2018no rendirse\u2019 es una de las se\u00f1as de identidad del equipo\u201d - Entrerr\u00edos Automatizaci\u00f3n<\/title>\n<meta name=\"robots\" content=\"index, follow\" \/>\n<meta name=\"googlebot\" content=\"index, follow, max-snippet:-1, max-image-preview:large, max-video-preview:-1\" \/>\n<meta name=\"bingbot\" content=\"index, follow, max-snippet:-1, max-image-preview:large, max-video-preview:-1\" \/>\n<link rel=\"canonical\" href=\"http:\/\/www.colocolofs.es\/web\/javi-conde-el-no-rendirse-es-una-de-las-senas-de-identidad-del-equipo\/\" \/>\n<meta property=\"og:locale\" content=\"es_ES\" \/>\n<meta property=\"og:type\" content=\"article\" \/>\n<meta property=\"og:title\" content=\"Javi Conde: \u201cEl \u2018no rendirse\u2019 es una de las se\u00f1as de identidad del equipo\u201d - Entrerr\u00edos Automatizaci\u00f3n\" \/>\n<meta property=\"og:description\" content=\"El Azulejos Moncayo Colo Colo sufri\u00f3 ante el Noia Portus Apostoli la segunda derrota seguida en Liga, que deja al equipo azul\u00f3n con un margen de tres puntos con la zona de descenso. Los jugadores que entrena Alfonso Rodr\u00edguez no pudieron superar al equipo gallego, que se mostr\u00f3 muy contundente en ambas \u00e1reas. Pese a [&hellip;]\" \/>\n<meta property=\"og:url\" content=\"http:\/\/www.colocolofs.es\/web\/javi-conde-el-no-rendirse-es-una-de-las-senas-de-identidad-del-equipo\/\" \/>\n<meta property=\"og:site_name\" content=\"Entrerr\u00edos Automatizaci\u00f3n\" \/>\n<meta property=\"article:published_time\" content=\"2019-11-11T08:57:14+00:00\" \/>\n<meta property=\"article:modified_time\" content=\"2020-04-11T15:45:29+00:00\" \/>\n<meta property=\"og:image\" content=\"https:\/\/www.colocolofs.es\/web\/wp-content\/uploads\/2019\/11\/71754731_2378079942287614_781540127812878336_o.jpg\" \/>\n\t<meta property=\"og:image:width\" content=\"2048\" \/>\n\t<meta property=\"og:image:height\" content=\"1365\" \/>\n<meta name=\"twitter:card\" content=\"summary_large_image\" \/>\n<script type=\"application\/ld+json\" class=\"yoast-schema-graph\">{\"@context\":\"https:\/\/schema.org\",\"@graph\":[{\"@type\":\"WebSite\",\"@id\":\"https:\/\/www.colocolofs.es\/web\/#website\",\"url\":\"https:\/\/www.colocolofs.es\/web\/\",\"name\":\"Entrerr\\u00edos Automatizaci\\u00f3n\",\"description\":\"Web oficial\",\"potentialAction\":[{\"@type\":\"SearchAction\",\"target\":\"https:\/\/www.colocolofs.es\/web\/?s={search_term_string}\",\"query-input\":\"required name=search_term_string\"}],\"inLanguage\":\"es\"},{\"@type\":\"ImageObject\",\"@id\":\"http:\/\/www.colocolofs.es\/web\/javi-conde-el-no-rendirse-es-una-de-las-senas-de-identidad-del-equipo\/#primaryimage\",\"inLanguage\":\"es\",\"url\":\"https:\/\/www.colocolofs.es\/web\/wp-content\/uploads\/2019\/11\/71754731_2378079942287614_781540127812878336_o.jpg\",\"width\":2048,\"height\":1365,\"caption\":\"Javi Conde: \\u201cEl \\u2018no rendirse\\u2019 es una de las se\\u00f1as de identidad del equipo\\u201d\"},{\"@type\":\"WebPage\",\"@id\":\"http:\/\/www.colocolofs.es\/web\/javi-conde-el-no-rendirse-es-una-de-las-senas-de-identidad-del-equipo\/#webpage\",\"url\":\"http:\/\/www.colocolofs.es\/web\/javi-conde-el-no-rendirse-es-una-de-las-senas-de-identidad-del-equipo\/\",\"name\":\"Javi Conde: \\u201cEl \\u2018no rendirse\\u2019 es una de las se\\u00f1as de identidad del equipo\\u201d - Entrerr\\u00edos Automatizaci\\u00f3n\",\"isPartOf\":{\"@id\":\"https:\/\/www.colocolofs.es\/web\/#website\"},\"primaryImageOfPage\":{\"@id\":\"http:\/\/www.colocolofs.es\/web\/javi-conde-el-no-rendirse-es-una-de-las-senas-de-identidad-del-equipo\/#primaryimage\"},\"datePublished\":\"2019-11-11T08:57:14+00:00\",\"dateModified\":\"2020-04-11T15:45:29+00:00\",\"author\":{\"@id\":\"https:\/\/www.colocolofs.es\/web\/#\/schema\/person\/1be91002ad639bd282f9d860b6eb7584\"},\"inLanguage\":\"es\",\"potentialAction\":[{\"@type\":\"ReadAction\",\"target\":[\"http:\/\/www.colocolofs.es\/web\/javi-conde-el-no-rendirse-es-una-de-las-senas-de-identidad-del-equipo\/\"]}]},{\"@type\":[\"Person\"],\"@id\":\"https:\/\/www.colocolofs.es\/web\/#\/schema\/person\/1be91002ad639bd282f9d860b6eb7584\",\"name\":\"admin\"}]}<\/script>\n<!-- \/ Yoast SEO plugin. -->","_links":{"self":[{"href":"https:\/\/www.colocolofs.es\/web\/wp-json\/wp\/v2\/posts\/940","targetHints":{"allow":["GET"]}}],"collection":[{"href":"https:\/\/www.colocolofs.es\/web\/wp-json\/wp\/v2\/posts"}],"about":[{"href":"https:\/\/www.colocolofs.es\/web\/wp-json\/wp\/v2\/types\/post"}],"author":[{"embeddable":true,"href":"https:\/\/www.colocolofs.es\/web\/wp-json\/wp\/v2\/users\/1"}],"replies":[{"embeddable":true,"href":"https:\/\/www.colocolofs.es\/web\/wp-json\/wp\/v2\/comments?post=940"}],"version-history":[{"count":1,"href":"https:\/\/www.colocolofs.es\/web\/wp-json\/wp\/v2\/posts\/940\/revisions"}],"predecessor-version":[{"id":10527,"href":"https:\/\/www.colocolofs.es\/web\/wp-json\/wp\/v2\/posts\/940\/revisions\/10527"}],"wp:featuredmedia":[{"embeddable":true,"href":"https:\/\/www.colocolofs.es\/web\/wp-json\/wp\/v2\/media\/939"}],"wp:attachment":[{"href":"https:\/\/www.colocolofs.es\/web\/wp-json\/wp\/v2\/media?parent=940"}],"wp:term":[{"taxonomy":"category","embeddable":true,"href":"https:\/\/www.colocolofs.es\/web\/wp-json\/wp\/v2\/categories?post=940"},{"taxonomy":"post_tag","embeddable":true,"href":"https:\/\/www.colocolofs.es\/web\/wp-json\/wp\/v2\/tags?post=940"}],"curies":[{"name":"wp","href":"https:\/\/api.w.org\/{rel}","templated":true}]}}