{"id":942,"date":"2019-11-11T09:00:44","date_gmt":"2019-11-11T09:00:44","guid":{"rendered":"http:\/\/www.colocolofs.es\/web\/blog\/2019\/11\/11\/turno-para-la-copa-del-rey\/"},"modified":"2020-04-11T15:45:24","modified_gmt":"2020-04-11T15:45:24","slug":"turno-para-la-copa-del-rey","status":"publish","type":"post","link":"https:\/\/www.colocolofs.es\/web\/turno-para-la-copa-del-rey\/","title":{"rendered":"Turno para la Copa del Rey"},"content":{"rendered":"<p>&nbsp;<\/p>\n<p><meta charset=\"utf-8\" \/><\/p>\n<p class=\"text-align-justify\" dir=\"ltr\"><strong>El Azulejos Moncayo Colo Colo hace un par\u00e9ntesis en Liga para centrarse en la Copa del Rey, donde se jugar\u00e1 con el Lauburu K.E. Ibarra el pase a los dieciseisavos de final<\/strong>. El encuentro se disputar\u00e1 en el Polideportivo de Belabieta, este martes 12 de noviembre a partir de las 20:00 horas.<\/p>\n<p class=\"text-align-justify\" dir=\"ltr\">El equipo dirigido por Alfonso Rodr\u00edguez intentar\u00e1 ganar para recuperar esas sensaciones positivas en cuanto a juego y resultados de las primeras jornadas de Liga, ya que no se ha podido conseguir la victoria en ninguno de los cuatro \u00faltimos partidos disputados del campeonato dom\u00e9stico. <strong>Vencer en Ibarra puede suponer ese refuerzo an\u00edmico que necesita el equipo para afrontar con m\u00e1s optimismo y confianza los pr\u00f3ximos partidos de Liga. Adem\u00e1s, lograr la clasificaci\u00f3n a la siguiente ronda supondr\u00eda enfrentarse en la siguiente ronda a un equipo de Primera Divisi\u00f3n<\/strong>. Algo que no se pudo hacer la pasada temporada, ya que el Colo ca\u00eda eliminado en la primera eliminatoria por 9-7 en Manresa.<\/p>\n<p class=\"text-align-justify\" dir=\"ltr\">Ahora, tendr\u00e1 enfrente al Lauburu K.E. Ibarra, un viejo conocido por el equipo azul\u00f3n ya que era un rival habitual en Segunda Divisi\u00f3n \u2018B\u2019. <strong>Entrenados por Alfredo Hualde, el Ibarra lidera el grupo II de la categor\u00eda de bronce del f\u00fatbol sala espa\u00f1ol con un balance de seis victorias, dos empates y solamente una derrota<\/strong>. Esto es una buena muestra del potencial que atesora el equipo vasco, y que har\u00e1 esforzarse al m\u00e1ximo al Azulejos Moncayo Colo Colo para seguir adelante en la competici\u00f3n del \u2018KO\u2019.<\/p>\n<p class=\"text-align-justify\" dir=\"ltr\">Javi Conde es consciente de que el Ibarra ser\u00e1 un rival que exija mucho y espera \u201cun partido muy duro\u201d. Aunque deja claro que \u201clo daremos todo sobre la pista para volvernos a Zaragoza con una victoria\u201d.<\/p>\n<p class=\"text-align-justify\" dir=\"ltr\">&nbsp;<\/p>\n<p class=\"text-align-justify\" dir=\"ltr\"><em>Foto: Rub\u00e9n Losada | FotografiArte<\/em><\/p>\n","protected":false},"excerpt":{"rendered":"<p>&nbsp; El Azulejos Moncayo Colo Colo hace un par\u00e9ntesis en Liga para centrarse en la Copa del Rey, donde se jugar\u00e1 con el Lauburu K.E. Ibarra el pase a los dieciseisavos de final. El encuentro se disputar\u00e1 en el Polideportivo de Belabieta, este martes 12 de noviembre a partir de las 20:00 horas. El equipo [&hellip;]<\/p>\n","protected":false},"author":1,"featured_media":941,"comment_status":"open","ping_status":"open","sticky":false,"template":"","format":"standard","meta":{"footnotes":""},"categories":[5],"tags":[],"class_list":["post-942","post","type-post","status-publish","format-standard","has-post-thumbnail","hentry","category-primer-equipo"],"jetpack_featured_media_url":"https:\/\/www.colocolofs.es\/web\/wp-content\/uploads\/2019\/11\/MG_5152-Large.JPG","yoast_head":"<!-- This site is optimized with the Yoast SEO plugin v14.4.1 - https:\/\/yoast.com\/wordpress\/plugins\/seo\/ -->\n<title>Turno para la Copa del Rey - Entrerr\u00edos Automatizaci\u00f3n<\/title>\n<meta name=\"robots\" content=\"index, follow\" \/>\n<meta name=\"googlebot\" content=\"index, follow, max-snippet:-1, max-image-preview:large, max-video-preview:-1\" \/>\n<meta name=\"bingbot\" content=\"index, follow, max-snippet:-1, max-image-preview:large, max-video-preview:-1\" \/>\n<link rel=\"canonical\" href=\"http:\/\/www.colocolofs.es\/web\/turno-para-la-copa-del-rey\/\" \/>\n<meta property=\"og:locale\" content=\"es_ES\" \/>\n<meta property=\"og:type\" content=\"article\" \/>\n<meta property=\"og:title\" content=\"Turno para la Copa del Rey - Entrerr\u00edos Automatizaci\u00f3n\" \/>\n<meta property=\"og:description\" content=\"&nbsp; El Azulejos Moncayo Colo Colo hace un par\u00e9ntesis en Liga para centrarse en la Copa del Rey, donde se jugar\u00e1 con el Lauburu K.E. Ibarra el pase a los dieciseisavos de final. El encuentro se disputar\u00e1 en el Polideportivo de Belabieta, este martes 12 de noviembre a partir de las 20:00 horas. El equipo [&hellip;]\" \/>\n<meta property=\"og:url\" content=\"http:\/\/www.colocolofs.es\/web\/turno-para-la-copa-del-rey\/\" \/>\n<meta property=\"og:site_name\" content=\"Entrerr\u00edos Automatizaci\u00f3n\" \/>\n<meta property=\"article:published_time\" content=\"2019-11-11T09:00:44+00:00\" \/>\n<meta property=\"article:modified_time\" content=\"2020-04-11T15:45:24+00:00\" \/>\n<meta property=\"og:image\" content=\"https:\/\/www.colocolofs.es\/web\/wp-content\/uploads\/2019\/11\/MG_5152-Large.JPG\" \/>\n\t<meta property=\"og:image:width\" content=\"1620\" \/>\n\t<meta property=\"og:image:height\" content=\"1080\" \/>\n<meta name=\"twitter:card\" content=\"summary_large_image\" \/>\n<script type=\"application\/ld+json\" class=\"yoast-schema-graph\">{\"@context\":\"https:\/\/schema.org\",\"@graph\":[{\"@type\":\"WebSite\",\"@id\":\"https:\/\/www.colocolofs.es\/web\/#website\",\"url\":\"https:\/\/www.colocolofs.es\/web\/\",\"name\":\"Entrerr\\u00edos Automatizaci\\u00f3n\",\"description\":\"Web oficial\",\"potentialAction\":[{\"@type\":\"SearchAction\",\"target\":\"https:\/\/www.colocolofs.es\/web\/?s={search_term_string}\",\"query-input\":\"required name=search_term_string\"}],\"inLanguage\":\"es\"},{\"@type\":\"ImageObject\",\"@id\":\"http:\/\/www.colocolofs.es\/web\/turno-para-la-copa-del-rey\/#primaryimage\",\"inLanguage\":\"es\",\"url\":\"https:\/\/www.colocolofs.es\/web\/wp-content\/uploads\/2019\/11\/MG_5152-Large.JPG\",\"width\":1620,\"height\":1080,\"caption\":\"Turno para la Copa del Rey\"},{\"@type\":\"WebPage\",\"@id\":\"http:\/\/www.colocolofs.es\/web\/turno-para-la-copa-del-rey\/#webpage\",\"url\":\"http:\/\/www.colocolofs.es\/web\/turno-para-la-copa-del-rey\/\",\"name\":\"Turno para la Copa del Rey - Entrerr\\u00edos Automatizaci\\u00f3n\",\"isPartOf\":{\"@id\":\"https:\/\/www.colocolofs.es\/web\/#website\"},\"primaryImageOfPage\":{\"@id\":\"http:\/\/www.colocolofs.es\/web\/turno-para-la-copa-del-rey\/#primaryimage\"},\"datePublished\":\"2019-11-11T09:00:44+00:00\",\"dateModified\":\"2020-04-11T15:45:24+00:00\",\"author\":{\"@id\":\"https:\/\/www.colocolofs.es\/web\/#\/schema\/person\/1be91002ad639bd282f9d860b6eb7584\"},\"inLanguage\":\"es\",\"potentialAction\":[{\"@type\":\"ReadAction\",\"target\":[\"http:\/\/www.colocolofs.es\/web\/turno-para-la-copa-del-rey\/\"]}]},{\"@type\":[\"Person\"],\"@id\":\"https:\/\/www.colocolofs.es\/web\/#\/schema\/person\/1be91002ad639bd282f9d860b6eb7584\",\"name\":\"admin\"}]}<\/script>\n<!-- \/ Yoast SEO plugin. -->","_links":{"self":[{"href":"https:\/\/www.colocolofs.es\/web\/wp-json\/wp\/v2\/posts\/942","targetHints":{"allow":["GET"]}}],"collection":[{"href":"https:\/\/www.colocolofs.es\/web\/wp-json\/wp\/v2\/posts"}],"about":[{"href":"https:\/\/www.colocolofs.es\/web\/wp-json\/wp\/v2\/types\/post"}],"author":[{"embeddable":true,"href":"https:\/\/www.colocolofs.es\/web\/wp-json\/wp\/v2\/users\/1"}],"replies":[{"embeddable":true,"href":"https:\/\/www.colocolofs.es\/web\/wp-json\/wp\/v2\/comments?post=942"}],"version-history":[{"count":1,"href":"https:\/\/www.colocolofs.es\/web\/wp-json\/wp\/v2\/posts\/942\/revisions"}],"predecessor-version":[{"id":10525,"href":"https:\/\/www.colocolofs.es\/web\/wp-json\/wp\/v2\/posts\/942\/revisions\/10525"}],"wp:featuredmedia":[{"embeddable":true,"href":"https:\/\/www.colocolofs.es\/web\/wp-json\/wp\/v2\/media\/941"}],"wp:attachment":[{"href":"https:\/\/www.colocolofs.es\/web\/wp-json\/wp\/v2\/media?parent=942"}],"wp:term":[{"taxonomy":"category","embeddable":true,"href":"https:\/\/www.colocolofs.es\/web\/wp-json\/wp\/v2\/categories?post=942"},{"taxonomy":"post_tag","embeddable":true,"href":"https:\/\/www.colocolofs.es\/web\/wp-json\/wp\/v2\/tags?post=942"}],"curies":[{"name":"wp","href":"https:\/\/api.w.org\/{rel}","templated":true}]}}