{"id":951,"date":"2019-11-15T09:47:23","date_gmt":"2019-11-15T09:47:23","guid":{"rendered":"http:\/\/www.colocolofs.es\/web\/blog\/2019\/11\/15\/visita-a-un-lider-de-primera\/"},"modified":"2020-04-11T15:44:59","modified_gmt":"2020-04-11T15:44:59","slug":"visita-a-un-lider-de-primera","status":"publish","type":"post","link":"https:\/\/www.colocolofs.es\/web\/visita-a-un-lider-de-primera\/","title":{"rendered":"Visita a un l\u00edder \u2018de Primera\u2019"},"content":{"rendered":"<p class=\"text-align-justify\">Todos los partidos en Segunda Divisi\u00f3n son complicados, pero el de esta jornada se prev\u00e9 m\u00e1s complicado que el resto. <strong>El Azulejos Moncayo Colo Colo jugar\u00e1 en Amate frente al Real Betis, primer clasificado, el s\u00e1bado 16 de noviembre a partir de las 19:00 horas<\/strong>.<\/p>\n<p class=\"text-align-justify\"><meta charset=\"utf-8\" \/><\/p>\n<p class=\"text-align-justify\" dir=\"ltr\"><strong>No atraviesa por un buen momento en Liga el Azulejos Moncayo Colo Colo, aunque esta semana logr\u00f3 poner fin su mala din\u00e1mica de resultados en el campeonato dom\u00e9stico -cuatro encuentros seguidos sin vencer- venciendo 1-5 al Lauburu K.A. Ibarra en Copa del Rey <\/strong>y obtener el pase a la siguiente eliminatoria.<\/p>\n<p class=\"text-align-justify\" dir=\"ltr\">Los jugadores dirigidos por Alfonso Rodr\u00edguez suman dos puntos de los \u00faltimos doce disputados, y eso ha provocado un descenso de puestos en la clasificaci\u00f3n y que la ventaja con el descenso se haya visto reducida a tres puntos. <strong>En Amate, mantener la concentraci\u00f3n y ser fuertes en defensa ser\u00e1 fundamental para tener alguna opci\u00f3n de sacar algo positivo. Adem\u00e1s de estar acertado ante la porter\u00eda<\/strong>, destacando en esa parcela \u00c1ngel Gasc\u00f3n y Juan Muniesa, con once y diez goles, respectivamente.<\/p>\n<p class=\"text-align-justify\" dir=\"ltr\"><strong>Enfrente, el Azulejos Moncayo Colo Colo tendr\u00e1 al Real Betis, que al inicio de la jornada 10 lidera la Segunda Divisi\u00f3n con 20 puntos. El conjunto verdiblanco, con una plantilla confeccionada para lograr ese ansiado ascenso a la m\u00e1xima categor\u00eda, se est\u00e1 mostrando intratable como local, donde ha ganado todos sus partidos<\/strong>: a Santiago Futsal (5-3), al Alzira FS (3-0), al Manzanares (3-0) y a ElPozo Ciudad de Murcia (3-2). Los \u00fanicos puntos que ha dejado escapar el Betis han sido lejos de su pista:&nbsp; Noia (2-2), Soliss FS Talavera (3-3) y el Ciudad de M\u00f3stoles (4-3).<\/p>\n<p class=\"text-align-justify\" dir=\"ltr\"><strong>Cidao, Chicho, Burrito, Ivi, V\u00edctor Ar\u00e9valo o Emilio Buend\u00eda son algunos de los jugadores que forman parte de la plantilla del Real Betis. Sin duda, un Betis \u2018de Primera\u2019<\/strong> y cuyo objetivo no es otro que subir a Primera Divisi\u00f3n.<\/p>\n<p class=\"text-align-justify\" dir=\"ltr\">Para poder hacer frente a ese \u2018elenco\u2019 de jugadores con experiencia en la m\u00e1xima categor\u00eda, Alfonso apuesta por \u201csubir la exigencia defensiva y tener una alta efectividad ante la porter\u00eda\u201d.<\/p>\n<p class=\"text-align-justify\" dir=\"ltr\">El t\u00e9cnico azul\u00f3n tiene a casi toda la plantilla a su disposici\u00f3n de cara a este encuentro. Zucho, que encara la recta final de su recuperaci\u00f3n, es la \u00fanica baja.&nbsp;<\/p>\n<p class=\"text-align-justify\" dir=\"ltr\">&nbsp;<\/p>\n<p class=\"text-align-justify\" dir=\"ltr\"><em>Foto: Rub\u00e9n Losada | FotografiArte<\/em><\/p>\n","protected":false},"excerpt":{"rendered":"<p>Todos los partidos en Segunda Divisi\u00f3n son complicados, pero el de esta jornada se prev\u00e9 m\u00e1s complicado que el resto. El Azulejos Moncayo Colo Colo jugar\u00e1 en Amate frente al Real Betis, primer clasificado, el s\u00e1bado 16 de noviembre a partir de las 19:00 horas. No atraviesa por un buen momento en Liga el Azulejos [&hellip;]<\/p>\n","protected":false},"author":1,"featured_media":950,"comment_status":"open","ping_status":"open","sticky":false,"template":"","format":"standard","meta":{"footnotes":""},"categories":[5],"tags":[],"class_list":["post-951","post","type-post","status-publish","format-standard","has-post-thumbnail","hentry","category-primer-equipo"],"jetpack_featured_media_url":"https:\/\/www.colocolofs.es\/web\/wp-content\/uploads\/2019\/11\/MG_5176-Large.JPG","yoast_head":"<!-- This site is optimized with the Yoast SEO plugin v14.4.1 - https:\/\/yoast.com\/wordpress\/plugins\/seo\/ -->\n<title>Visita a un l\u00edder \u2018de Primera\u2019 - Entrerr\u00edos Automatizaci\u00f3n<\/title>\n<meta name=\"robots\" content=\"index, follow\" \/>\n<meta name=\"googlebot\" content=\"index, follow, max-snippet:-1, max-image-preview:large, max-video-preview:-1\" \/>\n<meta name=\"bingbot\" content=\"index, follow, max-snippet:-1, max-image-preview:large, max-video-preview:-1\" \/>\n<link rel=\"canonical\" href=\"http:\/\/www.colocolofs.es\/web\/visita-a-un-lider-de-primera\/\" \/>\n<meta property=\"og:locale\" content=\"es_ES\" \/>\n<meta property=\"og:type\" content=\"article\" \/>\n<meta property=\"og:title\" content=\"Visita a un l\u00edder \u2018de Primera\u2019 - Entrerr\u00edos Automatizaci\u00f3n\" \/>\n<meta property=\"og:description\" content=\"Todos los partidos en Segunda Divisi\u00f3n son complicados, pero el de esta jornada se prev\u00e9 m\u00e1s complicado que el resto. El Azulejos Moncayo Colo Colo jugar\u00e1 en Amate frente al Real Betis, primer clasificado, el s\u00e1bado 16 de noviembre a partir de las 19:00 horas. No atraviesa por un buen momento en Liga el Azulejos [&hellip;]\" \/>\n<meta property=\"og:url\" content=\"http:\/\/www.colocolofs.es\/web\/visita-a-un-lider-de-primera\/\" \/>\n<meta property=\"og:site_name\" content=\"Entrerr\u00edos Automatizaci\u00f3n\" \/>\n<meta property=\"article:published_time\" content=\"2019-11-15T09:47:23+00:00\" \/>\n<meta property=\"article:modified_time\" content=\"2020-04-11T15:44:59+00:00\" \/>\n<meta property=\"og:image\" content=\"https:\/\/www.colocolofs.es\/web\/wp-content\/uploads\/2019\/11\/MG_5176-Large.JPG\" \/>\n\t<meta property=\"og:image:width\" content=\"1620\" \/>\n\t<meta property=\"og:image:height\" content=\"1080\" \/>\n<meta name=\"twitter:card\" content=\"summary_large_image\" \/>\n<script type=\"application\/ld+json\" class=\"yoast-schema-graph\">{\"@context\":\"https:\/\/schema.org\",\"@graph\":[{\"@type\":\"WebSite\",\"@id\":\"https:\/\/www.colocolofs.es\/web\/#website\",\"url\":\"https:\/\/www.colocolofs.es\/web\/\",\"name\":\"Entrerr\\u00edos Automatizaci\\u00f3n\",\"description\":\"Web oficial\",\"potentialAction\":[{\"@type\":\"SearchAction\",\"target\":\"https:\/\/www.colocolofs.es\/web\/?s={search_term_string}\",\"query-input\":\"required name=search_term_string\"}],\"inLanguage\":\"es\"},{\"@type\":\"ImageObject\",\"@id\":\"http:\/\/www.colocolofs.es\/web\/visita-a-un-lider-de-primera\/#primaryimage\",\"inLanguage\":\"es\",\"url\":\"https:\/\/www.colocolofs.es\/web\/wp-content\/uploads\/2019\/11\/MG_5176-Large.JPG\",\"width\":1620,\"height\":1080,\"caption\":\"Visita a un l\\u00edder \\u2018de Primera\\u2019\"},{\"@type\":\"WebPage\",\"@id\":\"http:\/\/www.colocolofs.es\/web\/visita-a-un-lider-de-primera\/#webpage\",\"url\":\"http:\/\/www.colocolofs.es\/web\/visita-a-un-lider-de-primera\/\",\"name\":\"Visita a un l\\u00edder \\u2018de Primera\\u2019 - Entrerr\\u00edos Automatizaci\\u00f3n\",\"isPartOf\":{\"@id\":\"https:\/\/www.colocolofs.es\/web\/#website\"},\"primaryImageOfPage\":{\"@id\":\"http:\/\/www.colocolofs.es\/web\/visita-a-un-lider-de-primera\/#primaryimage\"},\"datePublished\":\"2019-11-15T09:47:23+00:00\",\"dateModified\":\"2020-04-11T15:44:59+00:00\",\"author\":{\"@id\":\"https:\/\/www.colocolofs.es\/web\/#\/schema\/person\/1be91002ad639bd282f9d860b6eb7584\"},\"inLanguage\":\"es\",\"potentialAction\":[{\"@type\":\"ReadAction\",\"target\":[\"http:\/\/www.colocolofs.es\/web\/visita-a-un-lider-de-primera\/\"]}]},{\"@type\":[\"Person\"],\"@id\":\"https:\/\/www.colocolofs.es\/web\/#\/schema\/person\/1be91002ad639bd282f9d860b6eb7584\",\"name\":\"admin\"}]}<\/script>\n<!-- \/ Yoast SEO plugin. -->","_links":{"self":[{"href":"https:\/\/www.colocolofs.es\/web\/wp-json\/wp\/v2\/posts\/951","targetHints":{"allow":["GET"]}}],"collection":[{"href":"https:\/\/www.colocolofs.es\/web\/wp-json\/wp\/v2\/posts"}],"about":[{"href":"https:\/\/www.colocolofs.es\/web\/wp-json\/wp\/v2\/types\/post"}],"author":[{"embeddable":true,"href":"https:\/\/www.colocolofs.es\/web\/wp-json\/wp\/v2\/users\/1"}],"replies":[{"embeddable":true,"href":"https:\/\/www.colocolofs.es\/web\/wp-json\/wp\/v2\/comments?post=951"}],"version-history":[{"count":1,"href":"https:\/\/www.colocolofs.es\/web\/wp-json\/wp\/v2\/posts\/951\/revisions"}],"predecessor-version":[{"id":10518,"href":"https:\/\/www.colocolofs.es\/web\/wp-json\/wp\/v2\/posts\/951\/revisions\/10518"}],"wp:featuredmedia":[{"embeddable":true,"href":"https:\/\/www.colocolofs.es\/web\/wp-json\/wp\/v2\/media\/950"}],"wp:attachment":[{"href":"https:\/\/www.colocolofs.es\/web\/wp-json\/wp\/v2\/media?parent=951"}],"wp:term":[{"taxonomy":"category","embeddable":true,"href":"https:\/\/www.colocolofs.es\/web\/wp-json\/wp\/v2\/categories?post=951"},{"taxonomy":"post_tag","embeddable":true,"href":"https:\/\/www.colocolofs.es\/web\/wp-json\/wp\/v2\/tags?post=951"}],"curies":[{"name":"wp","href":"https:\/\/api.w.org\/{rel}","templated":true}]}}