{"id":955,"date":"2019-11-16T23:38:08","date_gmt":"2019-11-16T23:38:08","guid":{"rendered":"http:\/\/www.colocolofs.es\/web\/blog\/2019\/11\/16\/el-azulejos-moncayo-colo-colo-pierde-en-amate\/"},"modified":"2020-04-11T15:44:47","modified_gmt":"2020-04-11T15:44:47","slug":"el-azulejos-moncayo-colo-colo-pierde-en-amate","status":"publish","type":"post","link":"https:\/\/www.colocolofs.es\/web\/el-azulejos-moncayo-colo-colo-pierde-en-amate\/","title":{"rendered":"El Azulejos Moncayo Colo Colo pierde en Amate"},"content":{"rendered":"<p class=\"text-align-justify\">El Azulejos Moncayo Colo Colo no ha podido sumar en su visita a Amate, donde ha sido derrotado 6-3 por el Real Betis, l\u00edder de Segunda Divisi\u00f3n y firme candidato a lograr el ascenso directo a la m\u00e1xima categor\u00eda.&nbsp;<\/p>\n<p class=\"text-align-justify\"><meta charset=\"utf-8\" \/><\/p>\n<p class=\"text-align-justify\" dir=\"ltr\">Apenas se hab\u00edan disputado dos minutos de partido y el Azulejos Moncayo Colo Colo ya perd\u00eda<strong>. Emilio Buend\u00eda recib\u00eda un bal\u00f3n de Burrito y bat\u00eda a Guille<\/strong>. Los verdiblancos segu\u00edan insistiendo y los azulones no eran capaces de inquietar a Cidao. Guille salvaba el segundo ante Buend\u00eda. Eric P\u00e9rez y Chicho tambi\u00e9n estaban cerca de marcar. La primera ocasi\u00f3n de los azulones llegaba en el minuto 15, mediante Muniesa que, tras un gran control, remataba fuera. Replicaba \u00c1lvaro para los locales, pero la madera impidi\u00f3 el tanto. <strong>En el 18, llegar\u00eda el 1-1. Pasam\u00f3n se deshac\u00eda de todos los rivales que sal\u00edan a su paso y, con un potente disparo, marcaba el gol del empate<\/strong>. Pero antes de finalizar el primer tiempo,<strong> Carlos Garc\u00eda comet\u00eda penalti al tocar el bal\u00f3n con las manos en el interior del \u00e1rea y Buend\u00eda ejecutaba la pena m\u00e1xima (2-1)<\/strong>.&nbsp;<\/p>\n<p class=\"text-align-justify\" dir=\"ltr\">Al igual que sucedi\u00f3 en el primer per\u00edodo, el Azulejos Moncayo Colo Colo encajaba un gol al poco de empezar.<strong> Eric P\u00e9rez se zafaba de su marca y anotaba el 3-1 en el minuto 22<\/strong>. Eran momentos complicados para el equipo dirigido por Alfonso Rodr\u00edguez que, en el 30, sufr\u00eda la expulsi\u00f3n de Carlos Garc\u00eda, tras ver el \u201821\u2019 azul\u00f3n la segunda tarjeta amarilla. <strong>Aprovech\u00f3 el Betis la superioridad sobre la pista para hacer el 4-1 por medio de Eric P\u00e9rez<\/strong>. Con clara desventaja en el marcador, el Azulejos Moncayo Colo Colo apostaba por el portero-jugador y, en una p\u00e9rdida de bal\u00f3n,<strong> <\/strong><strong>Chicho marcaba el 5-1. Recortar\u00eda diferencias el equipo azul\u00f3n con tantos de Aitor y Pasam\u00f3n, antes de que Borja Blanco cerrara el luminoso con el definitivo 6-3.<\/strong><\/p>\n<p class=\"text-align-justify\" dir=\"ltr\">Pese a esta derrota, el Azulejos Moncayo Colo Colo sigue con una ventaja de tres puntos con respecto a la zona de descenso, y en la pr\u00f3xima jornada recibir\u00e1 en La Granja (23\/11\/2019 &#8211; 18:20 horas) a uno de los \u00faltimos tres clasificados, el N\u00edtida Alzira.<\/p>\n<p class=\"text-align-justify\" dir=\"ltr\"><strong>FICHA T\u00c9CNICA:<\/strong><\/p>\n<p class=\"text-align-justify\" dir=\"ltr\">Real Betis Futsal: Cidao, Burrito, Chicho, Rub\u00e9n Cornejo y Buend\u00eda. Tambi\u00e9n jugaron: Yera, V\u00edctor Ar\u00e9valo, Ivi, Borja Blanco, \u00c1lvaro y \u00c9ric P\u00e9rez.<\/p>\n<p class=\"text-align-justify\" dir=\"ltr\">Azulejos Moncayo Colo Colo: Guille, Pedro, Carlos Garc\u00eda, Gasc\u00f3n y Muniesa. Tambi\u00e9n jugaron: Basmalis, Diego, Chefo, Aitor, Conde y Pasam\u00f3n.<\/p>\n<p class=\"text-align-justify\" dir=\"ltr\">Goles: 1-0, Buend\u00eda (m.2) 1-1, Pasam\u00f3n (m.18) 2-1, Buend\u00eda -penalti- (m.18) 3-1, Eric P\u00e9rez (m.22) 4-1, Eric P\u00e9rez (m.30) 5-1, Chicho (m. 34) 5-2, Aitor (m.34) 5-3, Pasam\u00f3n (m. 38) 6-3, Borja Blanco (m.40)&nbsp;<\/p>\n<p class=\"text-align-justify\" dir=\"ltr\">\u00c1rbitros: Jes\u00fas Almeida y Alberto Carri\u00f3n. Expulsaron a Carlos Garc\u00eda por doble tarjeta amarilla.<\/p>\n","protected":false},"excerpt":{"rendered":"<p>El Azulejos Moncayo Colo Colo no ha podido sumar en su visita a Amate, donde ha sido derrotado 6-3 por el Real Betis, l\u00edder de Segunda Divisi\u00f3n y firme candidato a lograr el ascenso directo a la m\u00e1xima categor\u00eda.&nbsp; Apenas se hab\u00edan disputado dos minutos de partido y el Azulejos Moncayo Colo Colo ya perd\u00eda. [&hellip;]<\/p>\n","protected":false},"author":1,"featured_media":954,"comment_status":"open","ping_status":"open","sticky":false,"template":"","format":"standard","meta":{"footnotes":""},"categories":[5],"tags":[],"class_list":["post-955","post","type-post","status-publish","format-standard","has-post-thumbnail","hentry","category-primer-equipo"],"jetpack_featured_media_url":"https:\/\/www.colocolofs.es\/web\/wp-content\/uploads\/2019\/11\/Betis-Colo.JPG","yoast_head":"<!-- This site is optimized with the Yoast SEO plugin v14.4.1 - https:\/\/yoast.com\/wordpress\/plugins\/seo\/ -->\n<title>El Azulejos Moncayo Colo Colo pierde en Amate - Entrerr\u00edos Automatizaci\u00f3n<\/title>\n<meta name=\"robots\" content=\"index, follow\" \/>\n<meta name=\"googlebot\" content=\"index, follow, max-snippet:-1, max-image-preview:large, max-video-preview:-1\" \/>\n<meta name=\"bingbot\" content=\"index, follow, max-snippet:-1, max-image-preview:large, max-video-preview:-1\" \/>\n<link rel=\"canonical\" href=\"http:\/\/www.colocolofs.es\/web\/el-azulejos-moncayo-colo-colo-pierde-en-amate\/\" \/>\n<meta property=\"og:locale\" content=\"es_ES\" \/>\n<meta property=\"og:type\" content=\"article\" \/>\n<meta property=\"og:title\" content=\"El Azulejos Moncayo Colo Colo pierde en Amate - Entrerr\u00edos Automatizaci\u00f3n\" \/>\n<meta property=\"og:description\" content=\"El Azulejos Moncayo Colo Colo no ha podido sumar en su visita a Amate, donde ha sido derrotado 6-3 por el Real Betis, l\u00edder de Segunda Divisi\u00f3n y firme candidato a lograr el ascenso directo a la m\u00e1xima categor\u00eda.&nbsp; Apenas se hab\u00edan disputado dos minutos de partido y el Azulejos Moncayo Colo Colo ya perd\u00eda. [&hellip;]\" \/>\n<meta property=\"og:url\" content=\"http:\/\/www.colocolofs.es\/web\/el-azulejos-moncayo-colo-colo-pierde-en-amate\/\" \/>\n<meta property=\"og:site_name\" content=\"Entrerr\u00edos Automatizaci\u00f3n\" \/>\n<meta property=\"article:published_time\" content=\"2019-11-16T23:38:08+00:00\" \/>\n<meta property=\"article:modified_time\" content=\"2020-04-11T15:44:47+00:00\" \/>\n<meta property=\"og:image\" content=\"https:\/\/www.colocolofs.es\/web\/wp-content\/uploads\/2019\/11\/Betis-Colo.JPG\" \/>\n\t<meta property=\"og:image:width\" content=\"1200\" \/>\n\t<meta property=\"og:image:height\" content=\"626\" \/>\n<meta name=\"twitter:card\" content=\"summary_large_image\" \/>\n<script type=\"application\/ld+json\" class=\"yoast-schema-graph\">{\"@context\":\"https:\/\/schema.org\",\"@graph\":[{\"@type\":\"WebSite\",\"@id\":\"https:\/\/www.colocolofs.es\/web\/#website\",\"url\":\"https:\/\/www.colocolofs.es\/web\/\",\"name\":\"Entrerr\\u00edos Automatizaci\\u00f3n\",\"description\":\"Web oficial\",\"potentialAction\":[{\"@type\":\"SearchAction\",\"target\":\"https:\/\/www.colocolofs.es\/web\/?s={search_term_string}\",\"query-input\":\"required name=search_term_string\"}],\"inLanguage\":\"es\"},{\"@type\":\"ImageObject\",\"@id\":\"http:\/\/www.colocolofs.es\/web\/el-azulejos-moncayo-colo-colo-pierde-en-amate\/#primaryimage\",\"inLanguage\":\"es\",\"url\":\"https:\/\/www.colocolofs.es\/web\/wp-content\/uploads\/2019\/11\/Betis-Colo.JPG\",\"width\":1200,\"height\":626,\"caption\":\"El Azulejos Moncayo Colo Colo pierde en Amate\"},{\"@type\":\"WebPage\",\"@id\":\"http:\/\/www.colocolofs.es\/web\/el-azulejos-moncayo-colo-colo-pierde-en-amate\/#webpage\",\"url\":\"http:\/\/www.colocolofs.es\/web\/el-azulejos-moncayo-colo-colo-pierde-en-amate\/\",\"name\":\"El Azulejos Moncayo Colo Colo pierde en Amate - Entrerr\\u00edos Automatizaci\\u00f3n\",\"isPartOf\":{\"@id\":\"https:\/\/www.colocolofs.es\/web\/#website\"},\"primaryImageOfPage\":{\"@id\":\"http:\/\/www.colocolofs.es\/web\/el-azulejos-moncayo-colo-colo-pierde-en-amate\/#primaryimage\"},\"datePublished\":\"2019-11-16T23:38:08+00:00\",\"dateModified\":\"2020-04-11T15:44:47+00:00\",\"author\":{\"@id\":\"https:\/\/www.colocolofs.es\/web\/#\/schema\/person\/1be91002ad639bd282f9d860b6eb7584\"},\"inLanguage\":\"es\",\"potentialAction\":[{\"@type\":\"ReadAction\",\"target\":[\"http:\/\/www.colocolofs.es\/web\/el-azulejos-moncayo-colo-colo-pierde-en-amate\/\"]}]},{\"@type\":[\"Person\"],\"@id\":\"https:\/\/www.colocolofs.es\/web\/#\/schema\/person\/1be91002ad639bd282f9d860b6eb7584\",\"name\":\"admin\"}]}<\/script>\n<!-- \/ Yoast SEO plugin. -->","_links":{"self":[{"href":"https:\/\/www.colocolofs.es\/web\/wp-json\/wp\/v2\/posts\/955","targetHints":{"allow":["GET"]}}],"collection":[{"href":"https:\/\/www.colocolofs.es\/web\/wp-json\/wp\/v2\/posts"}],"about":[{"href":"https:\/\/www.colocolofs.es\/web\/wp-json\/wp\/v2\/types\/post"}],"author":[{"embeddable":true,"href":"https:\/\/www.colocolofs.es\/web\/wp-json\/wp\/v2\/users\/1"}],"replies":[{"embeddable":true,"href":"https:\/\/www.colocolofs.es\/web\/wp-json\/wp\/v2\/comments?post=955"}],"version-history":[{"count":1,"href":"https:\/\/www.colocolofs.es\/web\/wp-json\/wp\/v2\/posts\/955\/revisions"}],"predecessor-version":[{"id":10515,"href":"https:\/\/www.colocolofs.es\/web\/wp-json\/wp\/v2\/posts\/955\/revisions\/10515"}],"wp:featuredmedia":[{"embeddable":true,"href":"https:\/\/www.colocolofs.es\/web\/wp-json\/wp\/v2\/media\/954"}],"wp:attachment":[{"href":"https:\/\/www.colocolofs.es\/web\/wp-json\/wp\/v2\/media?parent=955"}],"wp:term":[{"taxonomy":"category","embeddable":true,"href":"https:\/\/www.colocolofs.es\/web\/wp-json\/wp\/v2\/categories?post=955"},{"taxonomy":"post_tag","embeddable":true,"href":"https:\/\/www.colocolofs.es\/web\/wp-json\/wp\/v2\/tags?post=955"}],"curies":[{"name":"wp","href":"https:\/\/api.w.org\/{rel}","templated":true}]}}