{"id":967,"date":"2019-11-17T11:23:24","date_gmt":"2019-11-17T11:23:24","guid":{"rendered":"http:\/\/www.colocolofs.es\/web\/blog\/2019\/11\/17\/colo-colo-iniciacion-b-7-0-zuera\/"},"modified":"2020-04-11T15:44:11","modified_gmt":"2020-04-11T15:44:11","slug":"colo-colo-iniciacion-b-7-0-zuera","status":"publish","type":"post","link":"https:\/\/www.colocolofs.es\/web\/colo-colo-iniciacion-b-7-0-zuera\/","title":{"rendered":"Colo Colo Iniciaci\u00f3n &#8216;B&#8217; 7-0 Zuera"},"content":{"rendered":"<p class=\"text-align-justify\">La primera victoria del Iniciaci\u00f3n &#8216;B&#8217; del Colo ha llegado en la cuarta jornada de Liga. Los peque\u00f1os azulones y sus dos entrenadoras afrontaban el partido al igual que los tres anteriores: con muchas ganas, ilusi\u00f3n y la confianza de que el primer triunfo ten\u00eda que llegar debido al gran trabajo y esfuerzo que est\u00e1 llevando a cabo la plantilla.<\/p>\n<p class=\"text-align-justify\">Los jugadores del Colo arrancaron el partido bien posicionados, tanto en defensa como en ataque, sobre la pista de La Granja. Se sent\u00eda c\u00f3modos jugando, realizando buenos pases y acerc\u00e1ndose con peligro a la porter\u00eda rival. El primer tanto ser\u00eda de Hugo Royo, que defin\u00eda a la perfecci\u00f3n para estrenar el luminoso. El Colo dominaba y segu\u00eda generando ocasiones, lo que le permit\u00eda irse al descanso con un 3-0 a favor, destacando un gran gol de Ismael.<\/p>\n<p class=\"text-align-justify\">El gui\u00f3n de la segunda parte fue el mismo que el de los primeros 25 minutos de juego. Alta posesi\u00f3n de bal\u00f3n para el Colo, muchos contragolpes y buenos goles tras combinaciones colectivos para acabar venciendo por 7-0.<\/p>\n<p class=\"text-align-justify\">Destacar el gran trabajo de ambos porteros, Hugo Palos e Iker, que lograron mantener la porter\u00eda a cero, y de todo el equipo en general. Adem\u00e1s de a los padres y las madres que les apoyan en cada partido.<\/p>\n<p class=\"text-align-justify\">Este es el camino a seguir: trabajar en cada entrenamiento y que se vea reflejado en los partidos. \u00a1Paso a paso! \u00a1Vamos Colo!<\/p>\n<p class=\"text-align-justify\">Por parte del Colo jugaron: \u00c1ngel Lis, Kevin Hern\u00e1ndez, Mar\u00edo D\u00edez, Iker Barcel\u00f3, Hugo Royo, Hugo Palos, Marco Peris, Ismael Mar\u00edn, Aksel Corrella, Izan Minguill\u00f3n y Dar\u00edo Jim\u00e9nez.<\/p>\n<p class=\"text-align-justify\">Los goles fueron de: Hugo Royo (2), Izan (2), Ismael, Dar\u00edo y Hugo Palos.<\/p>\n<p class=\"text-align-justify\"><em>Escrito por Alicia Blasco.<\/em><\/p>\n","protected":false},"excerpt":{"rendered":"<p>La primera victoria del Iniciaci\u00f3n &#8216;B&#8217; del Colo ha llegado en la cuarta jornada de Liga. Los peque\u00f1os azulones y sus dos entrenadoras afrontaban el partido al igual que los tres anteriores: con muchas ganas, ilusi\u00f3n y la confianza de que el primer triunfo ten\u00eda que llegar debido al gran trabajo y esfuerzo que est\u00e1 [&hellip;]<\/p>\n","protected":false},"author":1,"featured_media":966,"comment_status":"open","ping_status":"open","sticky":false,"template":"","format":"standard","meta":{"footnotes":""},"categories":[6],"tags":[],"class_list":["post-967","post","type-post","status-publish","format-standard","has-post-thumbnail","hentry","category-categorias-base"],"jetpack_featured_media_url":"https:\/\/www.colocolofs.es\/web\/wp-content\/uploads\/2019\/11\/Iniciaci\u00f3n-B-2.JPG","yoast_head":"<!-- This site is optimized with the Yoast SEO plugin v14.4.1 - https:\/\/yoast.com\/wordpress\/plugins\/seo\/ -->\n<title>Colo Colo Iniciaci\u00f3n &#039;B&#039; 7-0 Zuera - Entrerr\u00edos Automatizaci\u00f3n<\/title>\n<meta name=\"robots\" content=\"index, follow\" \/>\n<meta name=\"googlebot\" content=\"index, follow, max-snippet:-1, max-image-preview:large, max-video-preview:-1\" \/>\n<meta name=\"bingbot\" content=\"index, follow, max-snippet:-1, max-image-preview:large, max-video-preview:-1\" \/>\n<link rel=\"canonical\" href=\"http:\/\/www.colocolofs.es\/web\/colo-colo-iniciacion-b-7-0-zuera\/\" \/>\n<meta property=\"og:locale\" content=\"es_ES\" \/>\n<meta property=\"og:type\" content=\"article\" \/>\n<meta property=\"og:title\" content=\"Colo Colo Iniciaci\u00f3n &#039;B&#039; 7-0 Zuera - Entrerr\u00edos Automatizaci\u00f3n\" \/>\n<meta property=\"og:description\" content=\"La primera victoria del Iniciaci\u00f3n &#8216;B&#8217; del Colo ha llegado en la cuarta jornada de Liga. Los peque\u00f1os azulones y sus dos entrenadoras afrontaban el partido al igual que los tres anteriores: con muchas ganas, ilusi\u00f3n y la confianza de que el primer triunfo ten\u00eda que llegar debido al gran trabajo y esfuerzo que est\u00e1 [&hellip;]\" \/>\n<meta property=\"og:url\" content=\"http:\/\/www.colocolofs.es\/web\/colo-colo-iniciacion-b-7-0-zuera\/\" \/>\n<meta property=\"og:site_name\" content=\"Entrerr\u00edos Automatizaci\u00f3n\" \/>\n<meta property=\"article:published_time\" content=\"2019-11-17T11:23:24+00:00\" \/>\n<meta property=\"article:modified_time\" content=\"2020-04-11T15:44:11+00:00\" \/>\n<meta property=\"og:image\" content=\"https:\/\/www.colocolofs.es\/web\/wp-content\/uploads\/2019\/11\/Iniciaci\u00f3n-B-2.JPG\" \/>\n\t<meta property=\"og:image:width\" content=\"716\" \/>\n\t<meta property=\"og:image:height\" content=\"385\" \/>\n<meta name=\"twitter:card\" content=\"summary_large_image\" \/>\n<script type=\"application\/ld+json\" class=\"yoast-schema-graph\">{\"@context\":\"https:\/\/schema.org\",\"@graph\":[{\"@type\":\"WebSite\",\"@id\":\"https:\/\/www.colocolofs.es\/web\/#website\",\"url\":\"https:\/\/www.colocolofs.es\/web\/\",\"name\":\"Entrerr\\u00edos Automatizaci\\u00f3n\",\"description\":\"Web oficial\",\"potentialAction\":[{\"@type\":\"SearchAction\",\"target\":\"https:\/\/www.colocolofs.es\/web\/?s={search_term_string}\",\"query-input\":\"required name=search_term_string\"}],\"inLanguage\":\"es\"},{\"@type\":\"ImageObject\",\"@id\":\"http:\/\/www.colocolofs.es\/web\/colo-colo-iniciacion-b-7-0-zuera\/#primaryimage\",\"inLanguage\":\"es\",\"url\":\"https:\/\/www.colocolofs.es\/web\/wp-content\/uploads\/2019\/11\/Iniciaci\\u00f3n-B-2.JPG\",\"width\":716,\"height\":385},{\"@type\":\"WebPage\",\"@id\":\"http:\/\/www.colocolofs.es\/web\/colo-colo-iniciacion-b-7-0-zuera\/#webpage\",\"url\":\"http:\/\/www.colocolofs.es\/web\/colo-colo-iniciacion-b-7-0-zuera\/\",\"name\":\"Colo Colo Iniciaci\\u00f3n 'B' 7-0 Zuera - Entrerr\\u00edos Automatizaci\\u00f3n\",\"isPartOf\":{\"@id\":\"https:\/\/www.colocolofs.es\/web\/#website\"},\"primaryImageOfPage\":{\"@id\":\"http:\/\/www.colocolofs.es\/web\/colo-colo-iniciacion-b-7-0-zuera\/#primaryimage\"},\"datePublished\":\"2019-11-17T11:23:24+00:00\",\"dateModified\":\"2020-04-11T15:44:11+00:00\",\"author\":{\"@id\":\"https:\/\/www.colocolofs.es\/web\/#\/schema\/person\/1be91002ad639bd282f9d860b6eb7584\"},\"inLanguage\":\"es\",\"potentialAction\":[{\"@type\":\"ReadAction\",\"target\":[\"http:\/\/www.colocolofs.es\/web\/colo-colo-iniciacion-b-7-0-zuera\/\"]}]},{\"@type\":[\"Person\"],\"@id\":\"https:\/\/www.colocolofs.es\/web\/#\/schema\/person\/1be91002ad639bd282f9d860b6eb7584\",\"name\":\"admin\"}]}<\/script>\n<!-- \/ Yoast SEO plugin. -->","_links":{"self":[{"href":"https:\/\/www.colocolofs.es\/web\/wp-json\/wp\/v2\/posts\/967","targetHints":{"allow":["GET"]}}],"collection":[{"href":"https:\/\/www.colocolofs.es\/web\/wp-json\/wp\/v2\/posts"}],"about":[{"href":"https:\/\/www.colocolofs.es\/web\/wp-json\/wp\/v2\/types\/post"}],"author":[{"embeddable":true,"href":"https:\/\/www.colocolofs.es\/web\/wp-json\/wp\/v2\/users\/1"}],"replies":[{"embeddable":true,"href":"https:\/\/www.colocolofs.es\/web\/wp-json\/wp\/v2\/comments?post=967"}],"version-history":[{"count":1,"href":"https:\/\/www.colocolofs.es\/web\/wp-json\/wp\/v2\/posts\/967\/revisions"}],"predecessor-version":[{"id":10506,"href":"https:\/\/www.colocolofs.es\/web\/wp-json\/wp\/v2\/posts\/967\/revisions\/10506"}],"wp:featuredmedia":[{"embeddable":true,"href":"https:\/\/www.colocolofs.es\/web\/wp-json\/wp\/v2\/media\/966"}],"wp:attachment":[{"href":"https:\/\/www.colocolofs.es\/web\/wp-json\/wp\/v2\/media?parent=967"}],"wp:term":[{"taxonomy":"category","embeddable":true,"href":"https:\/\/www.colocolofs.es\/web\/wp-json\/wp\/v2\/categories?post=967"},{"taxonomy":"post_tag","embeddable":true,"href":"https:\/\/www.colocolofs.es\/web\/wp-json\/wp\/v2\/tags?post=967"}],"curies":[{"name":"wp","href":"https:\/\/api.w.org\/{rel}","templated":true}]}}