{"id":969,"date":"2019-11-17T14:13:35","date_gmt":"2019-11-17T14:13:35","guid":{"rendered":"http:\/\/www.colocolofs.es\/web\/blog\/2019\/11\/17\/condes-de-aragon-6-8-colo-colo-iniciacion-a\/"},"modified":"2020-04-11T15:44:06","modified_gmt":"2020-04-11T15:44:06","slug":"condes-de-aragon-6-8-colo-colo-iniciacion-a","status":"publish","type":"post","link":"https:\/\/www.colocolofs.es\/web\/condes-de-aragon-6-8-colo-colo-iniciacion-a\/","title":{"rendered":"Condes de Arag\u00f3n 6-8 Colo Colo Iniciaci\u00f3n &#8216;A&#8217;"},"content":{"rendered":"<p class=\"text-align-justify\">Despu\u00e9s de dos semanas sin jugar un partido de Liga, por el par\u00f3n y que nos toc\u00f3 descanar en la tercera jornada, este s\u00e1bado nos desplazamos al Colegio Condes de Arag\u00f3n para disputar el encuentro correspondiente a la cuarta jornada. Ten\u00edamos tres bajas: Thiago, Sergio y Luis.<\/p>\n<p class=\"text-align-justify\">El partido comenz\u00f3 puntual: a las 12:30. Enfrente ten\u00edamos un rival que jugaba bastante bien y han tenido buenos resultados. El equipo tiene buenos jugadores, destacar a su portero y al entrenador que hizo muy buen trabajo. Pronto se adelantar\u00edan los locales en el marcador, ambos equipos durante la primera parte tuvimos numerosas ocasiones, pero los porteros hicieron una buena labor bajo palos evitando que el bal\u00f3n llegase al fondo de la red. Llegamos al descanso con el marcador en contra, 3-1.<\/p>\n<p class=\"text-align-justify\">En el descanso les d\u00ed unas peque\u00f1as instrucciones, entre ellas que el resultado era lo de menos y que ten\u00edamos que ser un equipo y disfrutar como lo hacemos en los entrenamientos.<\/p>\n<p class=\"text-align-justify\">En la segunda parte hicieron caso a las correcciones y se not\u00f3 en el juego, poco a poco empezaron a dar sus frutos. Nos empezamos a acercar en el marcador. Tanto Mario, nuestro portero, como el portero de Condes de Arag\u00f3n volvieron a tener un papel importante. Todos y cada uno de ellos (Mario, Mateo, Diego, \u00c1lvaro, Jorge, Ander, Hugo G., Hugo E. y Leo) hicieron una segunda parte impresionante y consiguieron una gran remontada. Remontada que dedicaron a Thiago que sufri\u00f3 una peque\u00f1a lesi\u00f3n el jueves pasado.<\/p>\n<p class=\"text-align-justify\">Nuestra afici\u00f3n como siempre estuvo de 10 y los chicos agradecieron con aplausos el \u00e1nimo y apoyo que les dieron hasta el \u00faltimo segundo. Yo desde aqu\u00ed tambi\u00e9n se lo agradezco, gracias de verdad sois el peque\u00f1o empuj\u00f3n que les faltaba para conseguir lo que hacen jornada tras jornada.<\/p>\n<p class=\"text-align-justify\">Estoy muy orgulloso de c\u00f3mo trabajan cada d\u00eda, c\u00f3mo est\u00e1n mejorando semana tras semana y por lo bien que se han adaptado como equipo.&nbsp;Nos tocar\u00e1 seguir trabajando para seguir mejorando.\u00a1\u00a1\u00a11, 2, 3 COLO!!!<\/p>\n<p class=\"text-align-justify\">&nbsp;<\/p>\n<p class=\"text-align-justify\"><em>Escrito por David Ruiz.<\/em><\/p>\n","protected":false},"excerpt":{"rendered":"<p>Despu\u00e9s de dos semanas sin jugar un partido de Liga, por el par\u00f3n y que nos toc\u00f3 descanar en la tercera jornada, este s\u00e1bado nos desplazamos al Colegio Condes de Arag\u00f3n para disputar el encuentro correspondiente a la cuarta jornada. Ten\u00edamos tres bajas: Thiago, Sergio y Luis. El partido comenz\u00f3 puntual: a las 12:30. Enfrente [&hellip;]<\/p>\n","protected":false},"author":1,"featured_media":968,"comment_status":"open","ping_status":"open","sticky":false,"template":"","format":"standard","meta":{"footnotes":""},"categories":[6],"tags":[],"class_list":["post-969","post","type-post","status-publish","format-standard","has-post-thumbnail","hentry","category-categorias-base"],"jetpack_featured_media_url":"https:\/\/www.colocolofs.es\/web\/wp-content\/uploads\/2019\/11\/WhatsApp-Image-2019-11-17-at-15.05.51.jpeg","yoast_head":"<!-- This site is optimized with the Yoast SEO plugin v14.4.1 - https:\/\/yoast.com\/wordpress\/plugins\/seo\/ -->\n<title>Condes de Arag\u00f3n 6-8 Colo Colo Iniciaci\u00f3n &#039;A&#039; - Entrerr\u00edos Automatizaci\u00f3n<\/title>\n<meta name=\"robots\" content=\"index, follow\" \/>\n<meta name=\"googlebot\" content=\"index, follow, max-snippet:-1, max-image-preview:large, max-video-preview:-1\" \/>\n<meta name=\"bingbot\" content=\"index, follow, max-snippet:-1, max-image-preview:large, max-video-preview:-1\" \/>\n<link rel=\"canonical\" href=\"http:\/\/www.colocolofs.es\/web\/condes-de-aragon-6-8-colo-colo-iniciacion-a\/\" \/>\n<meta property=\"og:locale\" content=\"es_ES\" \/>\n<meta property=\"og:type\" content=\"article\" \/>\n<meta property=\"og:title\" content=\"Condes de Arag\u00f3n 6-8 Colo Colo Iniciaci\u00f3n &#039;A&#039; - Entrerr\u00edos Automatizaci\u00f3n\" \/>\n<meta property=\"og:description\" content=\"Despu\u00e9s de dos semanas sin jugar un partido de Liga, por el par\u00f3n y que nos toc\u00f3 descanar en la tercera jornada, este s\u00e1bado nos desplazamos al Colegio Condes de Arag\u00f3n para disputar el encuentro correspondiente a la cuarta jornada. Ten\u00edamos tres bajas: Thiago, Sergio y Luis. El partido comenz\u00f3 puntual: a las 12:30. Enfrente [&hellip;]\" \/>\n<meta property=\"og:url\" content=\"http:\/\/www.colocolofs.es\/web\/condes-de-aragon-6-8-colo-colo-iniciacion-a\/\" \/>\n<meta property=\"og:site_name\" content=\"Entrerr\u00edos Automatizaci\u00f3n\" \/>\n<meta property=\"article:published_time\" content=\"2019-11-17T14:13:35+00:00\" \/>\n<meta property=\"article:modified_time\" content=\"2020-04-11T15:44:06+00:00\" \/>\n<meta property=\"og:image\" content=\"https:\/\/www.colocolofs.es\/web\/wp-content\/uploads\/2019\/11\/WhatsApp-Image-2019-11-17-at-15.05.51.jpeg\" \/>\n\t<meta property=\"og:image:width\" content=\"1079\" \/>\n\t<meta property=\"og:image:height\" content=\"790\" \/>\n<meta name=\"twitter:card\" content=\"summary_large_image\" \/>\n<script type=\"application\/ld+json\" class=\"yoast-schema-graph\">{\"@context\":\"https:\/\/schema.org\",\"@graph\":[{\"@type\":\"WebSite\",\"@id\":\"https:\/\/www.colocolofs.es\/web\/#website\",\"url\":\"https:\/\/www.colocolofs.es\/web\/\",\"name\":\"Entrerr\\u00edos Automatizaci\\u00f3n\",\"description\":\"Web oficial\",\"potentialAction\":[{\"@type\":\"SearchAction\",\"target\":\"https:\/\/www.colocolofs.es\/web\/?s={search_term_string}\",\"query-input\":\"required name=search_term_string\"}],\"inLanguage\":\"es\"},{\"@type\":\"ImageObject\",\"@id\":\"http:\/\/www.colocolofs.es\/web\/condes-de-aragon-6-8-colo-colo-iniciacion-a\/#primaryimage\",\"inLanguage\":\"es\",\"url\":\"https:\/\/www.colocolofs.es\/web\/wp-content\/uploads\/2019\/11\/WhatsApp-Image-2019-11-17-at-15.05.51.jpeg\",\"width\":1079,\"height\":790,\"caption\":\"Condes de Arag\\u00f3n 6-8 Colo Colo Iniciaci\\u00f3n 'A'\"},{\"@type\":\"WebPage\",\"@id\":\"http:\/\/www.colocolofs.es\/web\/condes-de-aragon-6-8-colo-colo-iniciacion-a\/#webpage\",\"url\":\"http:\/\/www.colocolofs.es\/web\/condes-de-aragon-6-8-colo-colo-iniciacion-a\/\",\"name\":\"Condes de Arag\\u00f3n 6-8 Colo Colo Iniciaci\\u00f3n 'A' - Entrerr\\u00edos Automatizaci\\u00f3n\",\"isPartOf\":{\"@id\":\"https:\/\/www.colocolofs.es\/web\/#website\"},\"primaryImageOfPage\":{\"@id\":\"http:\/\/www.colocolofs.es\/web\/condes-de-aragon-6-8-colo-colo-iniciacion-a\/#primaryimage\"},\"datePublished\":\"2019-11-17T14:13:35+00:00\",\"dateModified\":\"2020-04-11T15:44:06+00:00\",\"author\":{\"@id\":\"https:\/\/www.colocolofs.es\/web\/#\/schema\/person\/1be91002ad639bd282f9d860b6eb7584\"},\"inLanguage\":\"es\",\"potentialAction\":[{\"@type\":\"ReadAction\",\"target\":[\"http:\/\/www.colocolofs.es\/web\/condes-de-aragon-6-8-colo-colo-iniciacion-a\/\"]}]},{\"@type\":[\"Person\"],\"@id\":\"https:\/\/www.colocolofs.es\/web\/#\/schema\/person\/1be91002ad639bd282f9d860b6eb7584\",\"name\":\"admin\"}]}<\/script>\n<!-- \/ Yoast SEO plugin. -->","_links":{"self":[{"href":"https:\/\/www.colocolofs.es\/web\/wp-json\/wp\/v2\/posts\/969","targetHints":{"allow":["GET"]}}],"collection":[{"href":"https:\/\/www.colocolofs.es\/web\/wp-json\/wp\/v2\/posts"}],"about":[{"href":"https:\/\/www.colocolofs.es\/web\/wp-json\/wp\/v2\/types\/post"}],"author":[{"embeddable":true,"href":"https:\/\/www.colocolofs.es\/web\/wp-json\/wp\/v2\/users\/1"}],"replies":[{"embeddable":true,"href":"https:\/\/www.colocolofs.es\/web\/wp-json\/wp\/v2\/comments?post=969"}],"version-history":[{"count":1,"href":"https:\/\/www.colocolofs.es\/web\/wp-json\/wp\/v2\/posts\/969\/revisions"}],"predecessor-version":[{"id":10505,"href":"https:\/\/www.colocolofs.es\/web\/wp-json\/wp\/v2\/posts\/969\/revisions\/10505"}],"wp:featuredmedia":[{"embeddable":true,"href":"https:\/\/www.colocolofs.es\/web\/wp-json\/wp\/v2\/media\/968"}],"wp:attachment":[{"href":"https:\/\/www.colocolofs.es\/web\/wp-json\/wp\/v2\/media?parent=969"}],"wp:term":[{"taxonomy":"category","embeddable":true,"href":"https:\/\/www.colocolofs.es\/web\/wp-json\/wp\/v2\/categories?post=969"},{"taxonomy":"post_tag","embeddable":true,"href":"https:\/\/www.colocolofs.es\/web\/wp-json\/wp\/v2\/tags?post=969"}],"curies":[{"name":"wp","href":"https:\/\/api.w.org\/{rel}","templated":true}]}}