{"id":973,"date":"2019-11-17T14:36:47","date_gmt":"2019-11-17T14:36:47","guid":{"rendered":"http:\/\/www.colocolofs.es\/web\/blog\/2019\/11\/17\/triunfo-por-la-minima-frente-al-gran-via-83\/"},"modified":"2020-04-11T15:43:56","modified_gmt":"2020-04-11T15:43:56","slug":"triunfo-por-la-minima-frente-al-gran-via-83","status":"publish","type":"post","link":"https:\/\/www.colocolofs.es\/web\/triunfo-por-la-minima-frente-al-gran-via-83\/","title":{"rendered":"Triunfo por la m\u00ednima frente al Gran V\u00eda 83"},"content":{"rendered":"<p class=\"text-align-justify\">El Azulejos Moncayo Colo Colo se consolida en el liderato del Grupo 6 de la Divisi\u00f3n de Honor Juvenil<strong>. El equipo dirigido por Carlos Sampedro se ha llevado la victoria ante el Gran V\u00eda 83 por un ajustado 3-4, y ya suma 21 puntos de 21 posibles<\/strong>. Adem\u00e1s, el &#8216;tropiezo&#8217; del Sala 10 frente al Boca H\u00edjar permite a los azulones ampliar a tres puntos la ventaja con el segundo clasificado, que ahora es La Almozara.<\/p>\n<p class=\"text-align-justify\">Partido &#8216;trampa&#8217; para el Azulejos Moncayo Colo Colo ya que el Gran V\u00eda 83, a pesar de estar en la parte baja de la tabla, ha vendido muy cara su derrota. Los locales han ejercido una presi\u00f3n en la zona de medio campo y eso provocaba que a los azulones les costara generar peligro<strong>. El Azulejos Moncayo Colo Colo ha logrado ponerse 0-3 por delante gracias a el doblete de Nogue y un tanto de Samu<\/strong>. Pero <strong>esa ventaja ha provocado una relajaci\u00f3n en los jugadores azulones que ha sido aprovechada por los rivales para anotar dos goles y colocar el 2-3 en el luminoso<\/strong>, que adem\u00e1s reflejaba cinco faltas acumulativas cometidas por el Azulejos Moncayo Colo Colo.<strong> Nogue lograba marcar el 2-4<\/strong>, firmando su &#8216;hat-trick&#8217; particular. El resultado final ser\u00eda de 3-4.&nbsp;<\/p>\n","protected":false},"excerpt":{"rendered":"<p>El Azulejos Moncayo Colo Colo se consolida en el liderato del Grupo 6 de la Divisi\u00f3n de Honor Juvenil. El equipo dirigido por Carlos Sampedro se ha llevado la victoria ante el Gran V\u00eda 83 por un ajustado 3-4, y ya suma 21 puntos de 21 posibles. Adem\u00e1s, el &#8216;tropiezo&#8217; del Sala 10 frente al [&hellip;]<\/p>\n","protected":false},"author":1,"featured_media":972,"comment_status":"open","ping_status":"open","sticky":false,"template":"","format":"standard","meta":{"footnotes":""},"categories":[6],"tags":[],"class_list":["post-973","post","type-post","status-publish","format-standard","has-post-thumbnail","hentry","category-categorias-base"],"jetpack_featured_media_url":"https:\/\/www.colocolofs.es\/web\/wp-content\/uploads\/2019\/11\/Juvenil-Divisi\u00f3n-de-Honor_0.jpeg","yoast_head":"<!-- This site is optimized with the Yoast SEO plugin v14.4.1 - https:\/\/yoast.com\/wordpress\/plugins\/seo\/ -->\n<title>Triunfo por la m\u00ednima frente al Gran V\u00eda 83 - Entrerr\u00edos Automatizaci\u00f3n<\/title>\n<meta name=\"robots\" content=\"index, follow\" \/>\n<meta name=\"googlebot\" content=\"index, follow, max-snippet:-1, max-image-preview:large, max-video-preview:-1\" \/>\n<meta name=\"bingbot\" content=\"index, follow, max-snippet:-1, max-image-preview:large, max-video-preview:-1\" \/>\n<link rel=\"canonical\" href=\"http:\/\/www.colocolofs.es\/web\/triunfo-por-la-minima-frente-al-gran-via-83\/\" \/>\n<meta property=\"og:locale\" content=\"es_ES\" \/>\n<meta property=\"og:type\" content=\"article\" \/>\n<meta property=\"og:title\" content=\"Triunfo por la m\u00ednima frente al Gran V\u00eda 83 - Entrerr\u00edos Automatizaci\u00f3n\" \/>\n<meta property=\"og:description\" content=\"El Azulejos Moncayo Colo Colo se consolida en el liderato del Grupo 6 de la Divisi\u00f3n de Honor Juvenil. El equipo dirigido por Carlos Sampedro se ha llevado la victoria ante el Gran V\u00eda 83 por un ajustado 3-4, y ya suma 21 puntos de 21 posibles. Adem\u00e1s, el &#8216;tropiezo&#8217; del Sala 10 frente al [&hellip;]\" \/>\n<meta property=\"og:url\" content=\"http:\/\/www.colocolofs.es\/web\/triunfo-por-la-minima-frente-al-gran-via-83\/\" \/>\n<meta property=\"og:site_name\" content=\"Entrerr\u00edos Automatizaci\u00f3n\" \/>\n<meta property=\"article:published_time\" content=\"2019-11-17T14:36:47+00:00\" \/>\n<meta property=\"article:modified_time\" content=\"2020-04-11T15:43:56+00:00\" \/>\n<meta property=\"og:image\" content=\"https:\/\/www.colocolofs.es\/web\/wp-content\/uploads\/2019\/11\/Juvenil-Divisi\u00f3n-de-Honor_0.jpeg\" \/>\n\t<meta property=\"og:image:width\" content=\"1600\" \/>\n\t<meta property=\"og:image:height\" content=\"1298\" \/>\n<meta name=\"twitter:card\" content=\"summary_large_image\" \/>\n<script type=\"application\/ld+json\" class=\"yoast-schema-graph\">{\"@context\":\"https:\/\/schema.org\",\"@graph\":[{\"@type\":\"WebSite\",\"@id\":\"https:\/\/www.colocolofs.es\/web\/#website\",\"url\":\"https:\/\/www.colocolofs.es\/web\/\",\"name\":\"Entrerr\\u00edos Automatizaci\\u00f3n\",\"description\":\"Web oficial\",\"potentialAction\":[{\"@type\":\"SearchAction\",\"target\":\"https:\/\/www.colocolofs.es\/web\/?s={search_term_string}\",\"query-input\":\"required name=search_term_string\"}],\"inLanguage\":\"es\"},{\"@type\":\"ImageObject\",\"@id\":\"http:\/\/www.colocolofs.es\/web\/triunfo-por-la-minima-frente-al-gran-via-83\/#primaryimage\",\"inLanguage\":\"es\",\"url\":\"https:\/\/www.colocolofs.es\/web\/wp-content\/uploads\/2019\/11\/Juvenil-Divisi\\u00f3n-de-Honor_0.jpeg\",\"width\":1600,\"height\":1298,\"caption\":\"Derrota y adi\\u00f3s liderato\"},{\"@type\":\"WebPage\",\"@id\":\"http:\/\/www.colocolofs.es\/web\/triunfo-por-la-minima-frente-al-gran-via-83\/#webpage\",\"url\":\"http:\/\/www.colocolofs.es\/web\/triunfo-por-la-minima-frente-al-gran-via-83\/\",\"name\":\"Triunfo por la m\\u00ednima frente al Gran V\\u00eda 83 - Entrerr\\u00edos Automatizaci\\u00f3n\",\"isPartOf\":{\"@id\":\"https:\/\/www.colocolofs.es\/web\/#website\"},\"primaryImageOfPage\":{\"@id\":\"http:\/\/www.colocolofs.es\/web\/triunfo-por-la-minima-frente-al-gran-via-83\/#primaryimage\"},\"datePublished\":\"2019-11-17T14:36:47+00:00\",\"dateModified\":\"2020-04-11T15:43:56+00:00\",\"author\":{\"@id\":\"https:\/\/www.colocolofs.es\/web\/#\/schema\/person\/1be91002ad639bd282f9d860b6eb7584\"},\"inLanguage\":\"es\",\"potentialAction\":[{\"@type\":\"ReadAction\",\"target\":[\"http:\/\/www.colocolofs.es\/web\/triunfo-por-la-minima-frente-al-gran-via-83\/\"]}]},{\"@type\":[\"Person\"],\"@id\":\"https:\/\/www.colocolofs.es\/web\/#\/schema\/person\/1be91002ad639bd282f9d860b6eb7584\",\"name\":\"admin\"}]}<\/script>\n<!-- \/ Yoast SEO plugin. -->","_links":{"self":[{"href":"https:\/\/www.colocolofs.es\/web\/wp-json\/wp\/v2\/posts\/973","targetHints":{"allow":["GET"]}}],"collection":[{"href":"https:\/\/www.colocolofs.es\/web\/wp-json\/wp\/v2\/posts"}],"about":[{"href":"https:\/\/www.colocolofs.es\/web\/wp-json\/wp\/v2\/types\/post"}],"author":[{"embeddable":true,"href":"https:\/\/www.colocolofs.es\/web\/wp-json\/wp\/v2\/users\/1"}],"replies":[{"embeddable":true,"href":"https:\/\/www.colocolofs.es\/web\/wp-json\/wp\/v2\/comments?post=973"}],"version-history":[{"count":1,"href":"https:\/\/www.colocolofs.es\/web\/wp-json\/wp\/v2\/posts\/973\/revisions"}],"predecessor-version":[{"id":10502,"href":"https:\/\/www.colocolofs.es\/web\/wp-json\/wp\/v2\/posts\/973\/revisions\/10502"}],"wp:featuredmedia":[{"embeddable":true,"href":"https:\/\/www.colocolofs.es\/web\/wp-json\/wp\/v2\/media\/972"}],"wp:attachment":[{"href":"https:\/\/www.colocolofs.es\/web\/wp-json\/wp\/v2\/media?parent=973"}],"wp:term":[{"taxonomy":"category","embeddable":true,"href":"https:\/\/www.colocolofs.es\/web\/wp-json\/wp\/v2\/categories?post=973"},{"taxonomy":"post_tag","embeddable":true,"href":"https:\/\/www.colocolofs.es\/web\/wp-json\/wp\/v2\/tags?post=973"}],"curies":[{"name":"wp","href":"https:\/\/api.w.org\/{rel}","templated":true}]}}