{"id":975,"date":"2019-11-17T15:54:53","date_gmt":"2019-11-17T15:54:53","guid":{"rendered":"http:\/\/www.colocolofs.es\/web\/blog\/2019\/11\/17\/colo-colo-juvenil-autonomica-9-5-pedrola\/"},"modified":"2020-04-11T15:43:51","modified_gmt":"2020-04-11T15:43:51","slug":"colo-colo-juvenil-autonomica-9-5-pedrola","status":"publish","type":"post","link":"https:\/\/www.colocolofs.es\/web\/colo-colo-juvenil-autonomica-9-5-pedrola\/","title":{"rendered":"Colo Colo Juvenil Auton\u00f3mica 9-5 Pedrola"},"content":{"rendered":"<p class=\"text-align-justify\">En la tarde del s\u00e1bado jugamos contra Pedrola en la octava jornada de liga.<\/p>\n<p class=\"text-align-justify\">Tras el saludo inicial, nuestros chicos hicieron un peque\u00f1o homenaje a Baez, lesionado en la pasada jornada. Sonaba el pitido incial y a los dos minutos Beltr\u00e1n con un punterazo desde los 12 metros marc\u00f3 el primer gol del partido. Poco despu\u00e9s nos marcaron dos goles seguidos con los que le dar\u00edan la vuelta al marcador. Nuestros chicos no se vinieron abajon y Andr\u00e9s un minuto despu\u00e9s con un zurdazo por la escuadra del primer palo conseguir\u00eda empatar el partido. Desde ah\u00ed hasta el descanso no habr\u00eda m\u00e1s goles, pero si ocasiones por parte de ambos equipos que tanto Edu como el visitante evitaron los goles.<\/p>\n<p class=\"text-align-justify\">Tras el descanso, en el minuto 24 conseguir\u00eda Gimeno el 3-2 desde el segundo palo, con el que conseguimos remontar el 1-2. En el minuto 26 con un poco de fortuna para nosotros, los visitantes encajar\u00edan un gol en propia porter\u00eda con el que ampliamos la distancia, 4-2. Minutos despu\u00e9s recortaron esa ventaja los de Pedrola. Aunque Guille tras un pase de Andr\u00e9s consigui\u00f3 volver a ampliarla al 5-3. Gimeno volvi\u00f3 a aparecer en el segundo palo para conseguir su segundo gol y el 6-3 en el luminoso. Los visitantes sacaron portero-jugador y en la siguiente jugada anotaron para acercarse en el marcador. Dos minutos despu\u00e9s volver\u00edan a marcar y se pusieron a un gol de diferencia, 6-5. Pero en el minuto 39 apareci\u00f3 D\u00edez que tras un saque en largo de Pablo, que se convertir\u00eda en asistencia, bati\u00f3 al portero visitante con una magn\u00edfica vaselina. Nico en el \u00faltimo minuto se fu\u00e9 de tres jugadores, con un recorte pisado y una ruleta, para quedarse s\u00f3lo ante el portero y cruzar el bal\u00f3n con la zurda. Un aut\u00e9ntico golazo. A falta de segundos para el final Germ\u00e1n cort\u00f3 un bal\u00f3n y en un mano a mano con el portero se la cruz\u00f3 haciendo el 9-5 definitivo.<\/p>\n<p class=\"text-align-justify\">Victoria que se dedic\u00f3 a Baez, al que esperamos que el martes reciba buenas noticias y deseamos una pronta recuperaci\u00f3n.<\/p>\n<p class=\"text-align-justify\">Seguiremos trabajando para conseguir nuestro objetivo. Para mejorar como EQUIPO.<\/p>\n<p class=\"text-align-justify\">Gracias a la afici\u00f3n que nos apoya jornada tras jornada y a los que \u00e9sta jornada hicimos sufrir hasta el \u00faltimo minuto. \u00a1\u00a1\u00a11, 2, 3 COLO!!!<\/p>\n<p class=\"text-align-justify\">&nbsp;<\/p>\n<p class=\"text-align-justify\"><em>Escrito por David Ruiz.<\/em><\/p>\n","protected":false},"excerpt":{"rendered":"<p>En la tarde del s\u00e1bado jugamos contra Pedrola en la octava jornada de liga. Tras el saludo inicial, nuestros chicos hicieron un peque\u00f1o homenaje a Baez, lesionado en la pasada jornada. Sonaba el pitido incial y a los dos minutos Beltr\u00e1n con un punterazo desde los 12 metros marc\u00f3 el primer gol del partido. Poco [&hellip;]<\/p>\n","protected":false},"author":1,"featured_media":974,"comment_status":"open","ping_status":"open","sticky":false,"template":"","format":"standard","meta":{"footnotes":""},"categories":[6],"tags":[],"class_list":["post-975","post","type-post","status-publish","format-standard","has-post-thumbnail","hentry","category-categorias-base"],"jetpack_featured_media_url":"https:\/\/www.colocolofs.es\/web\/wp-content\/uploads\/2019\/11\/WhatsApp-Image-2019-11-17-at-16.51.51.jpeg","yoast_head":"<!-- This site is optimized with the Yoast SEO plugin v14.4.1 - https:\/\/yoast.com\/wordpress\/plugins\/seo\/ -->\n<title>Colo Colo Juvenil Auton\u00f3mica 9-5 Pedrola - Entrerr\u00edos Automatizaci\u00f3n<\/title>\n<meta name=\"robots\" content=\"index, follow\" \/>\n<meta name=\"googlebot\" content=\"index, follow, max-snippet:-1, max-image-preview:large, max-video-preview:-1\" \/>\n<meta name=\"bingbot\" content=\"index, follow, max-snippet:-1, max-image-preview:large, max-video-preview:-1\" \/>\n<link rel=\"canonical\" href=\"http:\/\/www.colocolofs.es\/web\/colo-colo-juvenil-autonomica-9-5-pedrola\/\" \/>\n<meta property=\"og:locale\" content=\"es_ES\" \/>\n<meta property=\"og:type\" content=\"article\" \/>\n<meta property=\"og:title\" content=\"Colo Colo Juvenil Auton\u00f3mica 9-5 Pedrola - Entrerr\u00edos Automatizaci\u00f3n\" \/>\n<meta property=\"og:description\" content=\"En la tarde del s\u00e1bado jugamos contra Pedrola en la octava jornada de liga. Tras el saludo inicial, nuestros chicos hicieron un peque\u00f1o homenaje a Baez, lesionado en la pasada jornada. Sonaba el pitido incial y a los dos minutos Beltr\u00e1n con un punterazo desde los 12 metros marc\u00f3 el primer gol del partido. Poco [&hellip;]\" \/>\n<meta property=\"og:url\" content=\"http:\/\/www.colocolofs.es\/web\/colo-colo-juvenil-autonomica-9-5-pedrola\/\" \/>\n<meta property=\"og:site_name\" content=\"Entrerr\u00edos Automatizaci\u00f3n\" \/>\n<meta property=\"article:published_time\" content=\"2019-11-17T15:54:53+00:00\" \/>\n<meta property=\"article:modified_time\" content=\"2020-04-11T15:43:51+00:00\" \/>\n<meta property=\"og:image\" content=\"https:\/\/www.colocolofs.es\/web\/wp-content\/uploads\/2019\/11\/WhatsApp-Image-2019-11-17-at-16.51.51.jpeg\" \/>\n\t<meta property=\"og:image:width\" content=\"1583\" \/>\n\t<meta property=\"og:image:height\" content=\"1034\" \/>\n<meta name=\"twitter:card\" content=\"summary_large_image\" \/>\n<script type=\"application\/ld+json\" class=\"yoast-schema-graph\">{\"@context\":\"https:\/\/schema.org\",\"@graph\":[{\"@type\":\"WebSite\",\"@id\":\"https:\/\/www.colocolofs.es\/web\/#website\",\"url\":\"https:\/\/www.colocolofs.es\/web\/\",\"name\":\"Entrerr\\u00edos Automatizaci\\u00f3n\",\"description\":\"Web oficial\",\"potentialAction\":[{\"@type\":\"SearchAction\",\"target\":\"https:\/\/www.colocolofs.es\/web\/?s={search_term_string}\",\"query-input\":\"required name=search_term_string\"}],\"inLanguage\":\"es\"},{\"@type\":\"ImageObject\",\"@id\":\"http:\/\/www.colocolofs.es\/web\/colo-colo-juvenil-autonomica-9-5-pedrola\/#primaryimage\",\"inLanguage\":\"es\",\"url\":\"https:\/\/www.colocolofs.es\/web\/wp-content\/uploads\/2019\/11\/WhatsApp-Image-2019-11-17-at-16.51.51.jpeg\",\"width\":1583,\"height\":1034,\"caption\":\"Colo Colo Juvenil Auton\\u00f3mica 9-5 Pedrola\"},{\"@type\":\"WebPage\",\"@id\":\"http:\/\/www.colocolofs.es\/web\/colo-colo-juvenil-autonomica-9-5-pedrola\/#webpage\",\"url\":\"http:\/\/www.colocolofs.es\/web\/colo-colo-juvenil-autonomica-9-5-pedrola\/\",\"name\":\"Colo Colo Juvenil Auton\\u00f3mica 9-5 Pedrola - Entrerr\\u00edos Automatizaci\\u00f3n\",\"isPartOf\":{\"@id\":\"https:\/\/www.colocolofs.es\/web\/#website\"},\"primaryImageOfPage\":{\"@id\":\"http:\/\/www.colocolofs.es\/web\/colo-colo-juvenil-autonomica-9-5-pedrola\/#primaryimage\"},\"datePublished\":\"2019-11-17T15:54:53+00:00\",\"dateModified\":\"2020-04-11T15:43:51+00:00\",\"author\":{\"@id\":\"https:\/\/www.colocolofs.es\/web\/#\/schema\/person\/1be91002ad639bd282f9d860b6eb7584\"},\"inLanguage\":\"es\",\"potentialAction\":[{\"@type\":\"ReadAction\",\"target\":[\"http:\/\/www.colocolofs.es\/web\/colo-colo-juvenil-autonomica-9-5-pedrola\/\"]}]},{\"@type\":[\"Person\"],\"@id\":\"https:\/\/www.colocolofs.es\/web\/#\/schema\/person\/1be91002ad639bd282f9d860b6eb7584\",\"name\":\"admin\"}]}<\/script>\n<!-- \/ Yoast SEO plugin. -->","_links":{"self":[{"href":"https:\/\/www.colocolofs.es\/web\/wp-json\/wp\/v2\/posts\/975","targetHints":{"allow":["GET"]}}],"collection":[{"href":"https:\/\/www.colocolofs.es\/web\/wp-json\/wp\/v2\/posts"}],"about":[{"href":"https:\/\/www.colocolofs.es\/web\/wp-json\/wp\/v2\/types\/post"}],"author":[{"embeddable":true,"href":"https:\/\/www.colocolofs.es\/web\/wp-json\/wp\/v2\/users\/1"}],"replies":[{"embeddable":true,"href":"https:\/\/www.colocolofs.es\/web\/wp-json\/wp\/v2\/comments?post=975"}],"version-history":[{"count":1,"href":"https:\/\/www.colocolofs.es\/web\/wp-json\/wp\/v2\/posts\/975\/revisions"}],"predecessor-version":[{"id":10500,"href":"https:\/\/www.colocolofs.es\/web\/wp-json\/wp\/v2\/posts\/975\/revisions\/10500"}],"wp:featuredmedia":[{"embeddable":true,"href":"https:\/\/www.colocolofs.es\/web\/wp-json\/wp\/v2\/media\/974"}],"wp:attachment":[{"href":"https:\/\/www.colocolofs.es\/web\/wp-json\/wp\/v2\/media?parent=975"}],"wp:term":[{"taxonomy":"category","embeddable":true,"href":"https:\/\/www.colocolofs.es\/web\/wp-json\/wp\/v2\/categories?post=975"},{"taxonomy":"post_tag","embeddable":true,"href":"https:\/\/www.colocolofs.es\/web\/wp-json\/wp\/v2\/tags?post=975"}],"curies":[{"name":"wp","href":"https:\/\/api.w.org\/{rel}","templated":true}]}}