{"id":979,"date":"2019-11-19T23:04:49","date_gmt":"2019-11-19T23:04:49","guid":{"rendered":"http:\/\/www.colocolofs.es\/web\/blog\/2019\/11\/19\/abel-las-ganas-e-ilusion-del-equipo-estan-intactas\/"},"modified":"2020-04-11T14:06:56","modified_gmt":"2020-04-11T14:06:56","slug":"abel-las-ganas-e-ilusion-del-equipo-estan-intactas","status":"publish","type":"post","link":"https:\/\/www.colocolofs.es\/web\/abel-las-ganas-e-ilusion-del-equipo-estan-intactas\/","title":{"rendered":"Abel: \u201cLas ganas e ilusi\u00f3n del equipo est\u00e1n intactas\u201d"},"content":{"rendered":"<p class=\"text-align-justify\">El mal momento de resultados por el que atraviesa el Azulejos Moncayo Colo Colo en Liga -cinco encuentros seguidos sin ganar- no ha mermado los \u00e1nimos de la plantilla:<strong> \u201cSeguimos en la misma l\u00ednea de trabajo, entrenando bien, esforz\u00e1ndonos al m\u00e1ximo en cada partido y las ganas e ilusi\u00f3n del equipo est\u00e1n intactas. Ganar siempre es muy dif\u00edcil ya que es una competici\u00f3n muy igualada\u201d, afirma Abel Budr\u00eda<\/strong>.<\/p>\n<p class=\"text-align-justify\"><meta charset=\"utf-8\" \/><\/p>\n<p class=\"text-align-justify\" dir=\"ltr\">El guardameta cree que en los \u00faltimos duelos \u201cquiz\u00e1s nos haya faltado ese \u2018plus\u2019 necesario para que el partido caiga hacia nuestro lado. Tambi\u00e9n un poco de suerte y, especialmente, m\u00e1xima concentraci\u00f3n en momentos claves\u201d.<\/p>\n<p class=\"text-align-justify\" dir=\"ltr\">Ahora,<strong> frente al N\u00edtida Alzira, los jugadores azulones saben que hay que sacar los tres puntos para no verse en apuros. Aunque, manteniendo la cabeza fr\u00eda: \u201cAfrontamos el partido conscientes de la importancia de ganar pero sin volvernos locos<\/strong>. Est\u00e1 claro que es un partido muy importante, pero hay que saber que se gana o se pierda, todo sigue ya que quedar\u00e1 mucha Liga por delante.<strong> Tenemos que ser conscientes y responsables\u201d, indica Abel<\/strong>.&nbsp;<\/p>\n<p class=\"text-align-justify\" dir=\"ltr\">Para el \u201815\u2019 azul\u00f3n, una de las claves para regresar a la senda de la victoria ser\u00e1 \u201cser nosotros mismos en todas las facetas del juego y tratar de que el partido vaya a donde nosotros queramos. Tambi\u00e9n hay que aprovechar nuestras ocasiones y ser m\u00e1s fuertes en defensa\u201d.<\/p>\n<p class=\"text-align-justify\" dir=\"ltr\">El Azulejos Moncayo Colo Colo iniciar\u00e1 la jornada con 11 puntos y fuera de los puestos de descenso. <strong>Abel, considera que \u201cla temporada est\u00e1 siendo buena, el equipo est\u00e1 muy unido y disfrutamos en entrenamientos y partidos. Hay un ambiente muy sano y eso facilita todo\u201d<\/strong>. Y a\u00f1ade: \u201cAhora que llevamos una mala racha nos seguimos apoyando y ayudando, y eso es vital para conseguir la permanencia lo antes posible\u201d.<\/p>\n<p class=\"text-align-justify\" dir=\"ltr\">En lo personal, <strong>Abel comenta que se encuentra \u201cbien, c\u00f3modo y con ganas de aportar cada d\u00eda y sumar para conseguir el objetivo\u201d<\/strong>.<\/p>\n<p class=\"text-align-justify\" dir=\"ltr\">Hasta el momento, <strong>Abel ha participado en cinco encuentros dada la alta competencia que hay en la porter\u00eda, algo que \u00e9l valora de forma positiva: \u201cEs algo muy beneficioso para el equipo que haya tres porteros y, al final, eso es lo que cuenta. Los tres trabajamos duro en cada entrenamiento para que la porter\u00eda del Colo sea m\u00e1s fuerte<\/strong>. La competencia es buena tanto para nosotros como para el equipo, ya que provoca que todos subamos el nivel. Adem\u00e1s, tenemos muy buena relaci\u00f3n y eso no es tan sencillo\u201d.<\/p>\n","protected":false},"excerpt":{"rendered":"<p>El mal momento de resultados por el que atraviesa el Azulejos Moncayo Colo Colo en Liga -cinco encuentros seguidos sin ganar- no ha mermado los \u00e1nimos de la plantilla: \u201cSeguimos en la misma l\u00ednea de trabajo, entrenando bien, esforz\u00e1ndonos al m\u00e1ximo en cada partido y las ganas e ilusi\u00f3n del equipo est\u00e1n intactas. Ganar siempre [&hellip;]<\/p>\n","protected":false},"author":1,"featured_media":978,"comment_status":"open","ping_status":"open","sticky":false,"template":"","format":"standard","meta":{"footnotes":""},"categories":[5],"tags":[],"class_list":["post-979","post","type-post","status-publish","format-standard","has-post-thumbnail","hentry","category-primer-equipo"],"jetpack_featured_media_url":"https:\/\/www.colocolofs.es\/web\/wp-content\/uploads\/2019\/11\/70336762_1491013394379502_2367086489780617216_o_1.jpg","yoast_head":"<!-- This site is optimized with the Yoast SEO plugin v14.4.1 - https:\/\/yoast.com\/wordpress\/plugins\/seo\/ -->\n<title>Abel: \u201cLas ganas e ilusi\u00f3n del equipo est\u00e1n intactas\u201d - Entrerr\u00edos Automatizaci\u00f3n<\/title>\n<meta name=\"robots\" content=\"index, follow\" \/>\n<meta name=\"googlebot\" content=\"index, follow, max-snippet:-1, max-image-preview:large, max-video-preview:-1\" \/>\n<meta name=\"bingbot\" content=\"index, follow, max-snippet:-1, max-image-preview:large, max-video-preview:-1\" \/>\n<link rel=\"canonical\" href=\"http:\/\/www.colocolofs.es\/web\/abel-las-ganas-e-ilusion-del-equipo-estan-intactas\/\" \/>\n<meta property=\"og:locale\" content=\"es_ES\" \/>\n<meta property=\"og:type\" content=\"article\" \/>\n<meta property=\"og:title\" content=\"Abel: \u201cLas ganas e ilusi\u00f3n del equipo est\u00e1n intactas\u201d - Entrerr\u00edos Automatizaci\u00f3n\" \/>\n<meta property=\"og:description\" content=\"El mal momento de resultados por el que atraviesa el Azulejos Moncayo Colo Colo en Liga -cinco encuentros seguidos sin ganar- no ha mermado los \u00e1nimos de la plantilla: \u201cSeguimos en la misma l\u00ednea de trabajo, entrenando bien, esforz\u00e1ndonos al m\u00e1ximo en cada partido y las ganas e ilusi\u00f3n del equipo est\u00e1n intactas. Ganar siempre [&hellip;]\" \/>\n<meta property=\"og:url\" content=\"http:\/\/www.colocolofs.es\/web\/abel-las-ganas-e-ilusion-del-equipo-estan-intactas\/\" \/>\n<meta property=\"og:site_name\" content=\"Entrerr\u00edos Automatizaci\u00f3n\" \/>\n<meta property=\"article:published_time\" content=\"2019-11-19T23:04:49+00:00\" \/>\n<meta property=\"article:modified_time\" content=\"2020-04-11T14:06:56+00:00\" \/>\n<meta property=\"og:image\" content=\"https:\/\/www.colocolofs.es\/web\/wp-content\/uploads\/2019\/11\/70336762_1491013394379502_2367086489780617216_o_1.jpg\" \/>\n\t<meta property=\"og:image:width\" content=\"1620\" \/>\n\t<meta property=\"og:image:height\" content=\"1080\" \/>\n<meta name=\"twitter:card\" content=\"summary_large_image\" \/>\n<script type=\"application\/ld+json\" class=\"yoast-schema-graph\">{\"@context\":\"https:\/\/schema.org\",\"@graph\":[{\"@type\":\"WebSite\",\"@id\":\"https:\/\/www.colocolofs.es\/web\/#website\",\"url\":\"https:\/\/www.colocolofs.es\/web\/\",\"name\":\"Entrerr\\u00edos Automatizaci\\u00f3n\",\"description\":\"Web oficial\",\"potentialAction\":[{\"@type\":\"SearchAction\",\"target\":\"https:\/\/www.colocolofs.es\/web\/?s={search_term_string}\",\"query-input\":\"required name=search_term_string\"}],\"inLanguage\":\"es\"},{\"@type\":\"ImageObject\",\"@id\":\"http:\/\/www.colocolofs.es\/web\/abel-las-ganas-e-ilusion-del-equipo-estan-intactas\/#primaryimage\",\"inLanguage\":\"es\",\"url\":\"https:\/\/www.colocolofs.es\/web\/wp-content\/uploads\/2019\/11\/70336762_1491013394379502_2367086489780617216_o_1.jpg\",\"width\":1620,\"height\":1080,\"caption\":\"Abel: \\u201cLas ganas e ilusi\\u00f3n del equipo est\\u00e1n intactas\\u201d\"},{\"@type\":\"WebPage\",\"@id\":\"http:\/\/www.colocolofs.es\/web\/abel-las-ganas-e-ilusion-del-equipo-estan-intactas\/#webpage\",\"url\":\"http:\/\/www.colocolofs.es\/web\/abel-las-ganas-e-ilusion-del-equipo-estan-intactas\/\",\"name\":\"Abel: \\u201cLas ganas e ilusi\\u00f3n del equipo est\\u00e1n intactas\\u201d - Entrerr\\u00edos Automatizaci\\u00f3n\",\"isPartOf\":{\"@id\":\"https:\/\/www.colocolofs.es\/web\/#website\"},\"primaryImageOfPage\":{\"@id\":\"http:\/\/www.colocolofs.es\/web\/abel-las-ganas-e-ilusion-del-equipo-estan-intactas\/#primaryimage\"},\"datePublished\":\"2019-11-19T23:04:49+00:00\",\"dateModified\":\"2020-04-11T14:06:56+00:00\",\"author\":{\"@id\":\"https:\/\/www.colocolofs.es\/web\/#\/schema\/person\/1be91002ad639bd282f9d860b6eb7584\"},\"inLanguage\":\"es\",\"potentialAction\":[{\"@type\":\"ReadAction\",\"target\":[\"http:\/\/www.colocolofs.es\/web\/abel-las-ganas-e-ilusion-del-equipo-estan-intactas\/\"]}]},{\"@type\":[\"Person\"],\"@id\":\"https:\/\/www.colocolofs.es\/web\/#\/schema\/person\/1be91002ad639bd282f9d860b6eb7584\",\"name\":\"admin\"}]}<\/script>\n<!-- \/ Yoast SEO plugin. -->","_links":{"self":[{"href":"https:\/\/www.colocolofs.es\/web\/wp-json\/wp\/v2\/posts\/979","targetHints":{"allow":["GET"]}}],"collection":[{"href":"https:\/\/www.colocolofs.es\/web\/wp-json\/wp\/v2\/posts"}],"about":[{"href":"https:\/\/www.colocolofs.es\/web\/wp-json\/wp\/v2\/types\/post"}],"author":[{"embeddable":true,"href":"https:\/\/www.colocolofs.es\/web\/wp-json\/wp\/v2\/users\/1"}],"replies":[{"embeddable":true,"href":"https:\/\/www.colocolofs.es\/web\/wp-json\/wp\/v2\/comments?post=979"}],"version-history":[{"count":1,"href":"https:\/\/www.colocolofs.es\/web\/wp-json\/wp\/v2\/posts\/979\/revisions"}],"predecessor-version":[{"id":10478,"href":"https:\/\/www.colocolofs.es\/web\/wp-json\/wp\/v2\/posts\/979\/revisions\/10478"}],"wp:featuredmedia":[{"embeddable":true,"href":"https:\/\/www.colocolofs.es\/web\/wp-json\/wp\/v2\/media\/978"}],"wp:attachment":[{"href":"https:\/\/www.colocolofs.es\/web\/wp-json\/wp\/v2\/media?parent=979"}],"wp:term":[{"taxonomy":"category","embeddable":true,"href":"https:\/\/www.colocolofs.es\/web\/wp-json\/wp\/v2\/categories?post=979"},{"taxonomy":"post_tag","embeddable":true,"href":"https:\/\/www.colocolofs.es\/web\/wp-json\/wp\/v2\/tags?post=979"}],"curies":[{"name":"wp","href":"https:\/\/api.w.org\/{rel}","templated":true}]}}